{"id":354899,"date":"2022-09-11T09:47:24","date_gmt":"2022-09-11T07:47:24","guid":{"rendered":"https:\/\/www.pcnen.com\/portal\/?p=354899"},"modified":"2022-09-11T09:47:24","modified_gmt":"2022-09-11T07:47:24","slug":"micev-do-petka-temperature-iznad-30-stepeni","status":"publish","type":"post","link":"https:\/\/www.pcnen.com\/portal\/2022\/09\/11\/micev-do-petka-temperature-iznad-30-stepeni\/","title":{"rendered":"Micev: Do petka temperature iznad 30 stepeni"},"content":{"rendered":"<p>Danas \u0107e biti promjenljivo obla\u010dno. Smjenjiva\u0107e se od sredine dana i u drugom dijelu dana o\u010dekuju se nestabilne vremenske prilike sa ds ki\u0161om, lokalnim pljuskovima, grmljavinom uglavnom na primorju.<\/p>\n<p>Specifi\u010dno je da se danas podru\u010dje Zapadnog Balkana i Jadrana nalazi pod uticajem visinske mlazne struje i za takvu mlaznu struju vezuju se olujne nepogode. Trenutno na podru\u010dju Hrvatske imamo razvoj burnih grmljavinskih oblaka i to u jutarnjim satima. Tokom dana su na podru\u010dju Crne Gore mogu\u0107e kratkotrajne olujne vremenske nepogode.<\/p>\n<p>Od ponedjeljka o\u010dekuje nas postepena stabilizacija vremenskih prilika.<\/p>\n<p>\u201cNa sjeveru \u0107e biti ne\u0161to vi\u0161e obla\u010dno vrijeme sa povremeno slabom ki\u0161om, a u centralnim i ju\u017enim oblastima uglavnom sun\u010dano vrijeme, a od utorka do petka sun\u010dano i toplo, relativno neobi\u010dno toplo vrijeme za ovo doba godine. Temperatura vazduha u najtoplijim oblastima dostiza\u0107e i prelazi\u0107e 30 stepeni. Naro\u010dito \u010detvrtak i petak, najvi\u0161a dnevna temperatura \u0107e iznositi ize\u0111u 33 i 35 stepeni.<\/p>\n<p>Toplo vrijeme nas o\u010dekuje do petka, a ukoliko ne do\u0111e do promjena, ve\u0107 u petak uve\u010de o\u010dekuje nas ki\u0161a, naro\u010dito u subotu, promjenljivo obla\u010dno, povremeno ki\u0161a sa grmljavinskim procesima, rekao je Micev.<\/p>\n<p>\u201cU nedjelju \u0107e se smjenjivati sunce, oblak, ki\u0161a\u201d, kazao je on.<\/p>\n<p>Mora\u010da je za manje od mjesec pokazala svoje buji\u010dne osobine ponovo. \u201cTako je devetog septembra bio nivo Mora\u010de prije ki\u0161e 14 centimetara, da bi u kasnim ve\u010dernjim satima porastao na 140 centimetara. Dakle za vi\u0161e od metra porastao je nivo vodostaja\u201d, kazao je on.<\/p>\n<p>On je kazao da je na podru\u010dju Cetinja za 36 sati pala tre\u0107a rekordna koli\u010dina ki\u0161e za septembar u posljednjih 75 godina, a u Budvi i Herceg Novom najve\u0107a koli\u010dina za vi\u0161e od pola vijeka u septembru.<\/p>\n","protected":false},"excerpt":{"rendered":"<p>Stabilizacija vremenskih prilika i sun\u010dano i toplo vrijeme o\u010dekuje nas ve\u0107 od sjutra, sa temperaturom koja \u0107e prelaziti 30 stepeni i takve prilike potraja\u0107e do petka, kazao je meteorolog Branko Micev. On je TVCG kazao da nas ponovo od petka o\u010dekuje ki\u0161a i nestabilno vrijeme.<\/p>\n","protected":false},"author":1,"featured_media":301594,"comment_status":"open","ping_status":"closed","sticky":false,"template":"","format":"standard","meta":{"_seopress_robots_primary_cat":"","_seopress_titles_title":"","_seopress_titles_desc":"","_seopress_robots_index":"","_et_pb_use_builder":"","_et_pb_old_content":"","_et_gb_content_width":"","inline_featured_image":false,"footnotes":""},"categories":[14],"tags":[],"class_list":["post-354899","post","type-post","status-publish","format-standard","has-post-thumbnail","hentry","category-vijesti"],"_links":{"self":[{"href":"https:\/\/www.pcnen.com\/portal\/wp-json\/wp\/v2\/posts\/354899","targetHints":{"allow":["GET"]}}],"collection":[{"href":"https:\/\/www.pcnen.com\/portal\/wp-json\/wp\/v2\/posts"}],"about":[{"href":"https:\/\/www.pcnen.com\/portal\/wp-json\/wp\/v2\/types\/post"}],"author":[{"embeddable":true,"href":"https:\/\/www.pcnen.com\/portal\/wp-json\/wp\/v2\/users\/1"}],"replies":[{"embeddable":true,"href":"https:\/\/www.pcnen.com\/portal\/wp-json\/wp\/v2\/comments?post=354899"}],"version-history":[{"count":1,"href":"https:\/\/www.pcnen.com\/portal\/wp-json\/wp\/v2\/posts\/354899\/revisions"}],"predecessor-version":[{"id":354900,"href":"https:\/\/www.pcnen.com\/portal\/wp-json\/wp\/v2\/posts\/354899\/revisions\/354900"}],"wp:featuredmedia":[{"embeddable":true,"href":"https:\/\/www.pcnen.com\/portal\/wp-json\/wp\/v2\/media\/301594"}],"wp:attachment":[{"href":"https:\/\/www.pcnen.com\/portal\/wp-json\/wp\/v2\/media?parent=354899"}],"wp:term":[{"taxonomy":"category","embeddable":true,"href":"https:\/\/www.pcnen.com\/portal\/wp-json\/wp\/v2\/categories?post=354899"},{"taxonomy":"post_tag","embeddable":true,"href":"https:\/\/www.pcnen.com\/portal\/wp-json\/wp\/v2\/tags?post=354899"}],"curies":[{"name":"wp","href":"https:\/\/api.w.org\/{rel}","templated":true}]}}