{"id":354885,"date":"2022-09-10T22:47:48","date_gmt":"2022-09-10T20:47:48","guid":{"rendered":"https:\/\/www.pcnen.com\/portal\/?p=354885"},"modified":"2022-09-10T22:49:36","modified_gmt":"2022-09-10T20:49:36","slug":"zlatni-lav-filmu-sva-ljepota-i-krvoprolice","status":"publish","type":"post","link":"https:\/\/www.pcnen.com\/portal\/2022\/09\/10\/zlatni-lav-filmu-sva-ljepota-i-krvoprolice\/","title":{"rendered":"Zlatni lav filmu &#8216;Sva ljepota i krvoprolic\u0301e&#8217;"},"content":{"rendered":"<p>Drugu nagradu osvojio je film &#8220;Saint Omer&#8221; Elis Diop.<\/p>\n<p>Kejt Blan\u0161et i Kolin Farel osvojili su najbolje gluma\u010dke nagrade. Blan\u0161et je pobijedila ulogom poznatog dirigenta u filmu &#8220;TAR&#8221; Toda Filda, a Farel za ulogu u filmu &#8220;The Banshees of Inisherin&#8221; Martina Mekdonaga, prenosi Beta.<\/p>\n<p>Luka Gvadanjo je dobio nagradu Srebrnog lava za najbolju re\u017eiju za film &#8220;Bones and All&#8221; sa Timotijem \u0160alametom i Tejlor Rasel, koja je tako\u0111e dobila priznanje za najbolju mladu glumicu.<\/p>\n<p>\u017diri je tako\u0111e dodijelio specijalnu nagradu \u017eirija filmu &#8220;Nema medvjeda&#8221;, uhap\u0161enog iranskog re\u017eisera D\u017eafara Panahija.<\/p>\n<p>\u017diri, predvo\u0111en D\u017eulijanom Mur, odabrao je pobjedni\u010dke filmove iz takmi\u010darske kategorije od 23 filma, od kojih su mnogi bili i kandidati za Oskara.<\/p>\n<p>&nbsp;<\/p>\n<blockquote class=\"wp-embedded-content\" data-secret=\"ZCrpjIm1dB\"><p><a href=\"https:\/\/www.pcnen.com\/portal\/2022\/08\/31\/veceras-pocinje-filmski-festival-u-veneciji-2\/\">Ve\u010deras po\u010dinje filmski festival u Veneciji<\/a><\/p><\/blockquote>\n<p><iframe loading=\"lazy\" class=\"wp-embedded-content\" sandbox=\"allow-scripts\" security=\"restricted\" style=\"position: absolute; clip: rect(1px, 1px, 1px, 1px);\" title=\"&#8220;Ve\u010deras po\u010dinje filmski festival u Veneciji&#8221; &#8212; PCNEN\" src=\"https:\/\/www.pcnen.com\/portal\/2022\/08\/31\/veceras-pocinje-filmski-festival-u-veneciji-2\/embed\/#?secret=WmbBJ3MRZL#?secret=ZCrpjIm1dB\" data-secret=\"ZCrpjIm1dB\" width=\"600\" height=\"338\" frameborder=\"0\" marginwidth=\"0\" marginheight=\"0\" scrolling=\"no\"><\/iframe><\/p>\n","protected":false},"excerpt":{"rendered":"<p>Dokumentarni film Laure Poitras &#8220;Sva ljepota i krvoprolic\u0301e&#8221; nagra\u0111en je ve\u010deras Zlatnim lavom za najbolji film na 79. Me\u0111unarodnom filmskom festivalu u Veneciji.<\/p>\n","protected":false},"author":1,"featured_media":326867,"comment_status":"open","ping_status":"closed","sticky":false,"template":"","format":"standard","meta":{"_seopress_robots_primary_cat":"","_seopress_titles_title":"","_seopress_titles_desc":"","_seopress_robots_index":"","_et_pb_use_builder":"","_et_pb_old_content":"","_et_gb_content_width":"","inline_featured_image":false,"footnotes":""},"categories":[14],"tags":[],"class_list":["post-354885","post","type-post","status-publish","format-standard","has-post-thumbnail","hentry","category-vijesti"],"_links":{"self":[{"href":"https:\/\/www.pcnen.com\/portal\/wp-json\/wp\/v2\/posts\/354885","targetHints":{"allow":["GET"]}}],"collection":[{"href":"https:\/\/www.pcnen.com\/portal\/wp-json\/wp\/v2\/posts"}],"about":[{"href":"https:\/\/www.pcnen.com\/portal\/wp-json\/wp\/v2\/types\/post"}],"author":[{"embeddable":true,"href":"https:\/\/www.pcnen.com\/portal\/wp-json\/wp\/v2\/users\/1"}],"replies":[{"embeddable":true,"href":"https:\/\/www.pcnen.com\/portal\/wp-json\/wp\/v2\/comments?post=354885"}],"version-history":[{"count":2,"href":"https:\/\/www.pcnen.com\/portal\/wp-json\/wp\/v2\/posts\/354885\/revisions"}],"predecessor-version":[{"id":354887,"href":"https:\/\/www.pcnen.com\/portal\/wp-json\/wp\/v2\/posts\/354885\/revisions\/354887"}],"wp:featuredmedia":[{"embeddable":true,"href":"https:\/\/www.pcnen.com\/portal\/wp-json\/wp\/v2\/media\/326867"}],"wp:attachment":[{"href":"https:\/\/www.pcnen.com\/portal\/wp-json\/wp\/v2\/media?parent=354885"}],"wp:term":[{"taxonomy":"category","embeddable":true,"href":"https:\/\/www.pcnen.com\/portal\/wp-json\/wp\/v2\/categories?post=354885"},{"taxonomy":"post_tag","embeddable":true,"href":"https:\/\/www.pcnen.com\/portal\/wp-json\/wp\/v2\/tags?post=354885"}],"curies":[{"name":"wp","href":"https:\/\/api.w.org\/{rel}","templated":true}]}}