{"id":354879,"date":"2022-09-10T21:02:30","date_gmt":"2022-09-10T19:02:30","guid":{"rendered":"https:\/\/www.pcnen.com\/portal\/?p=354879"},"modified":"2022-09-10T21:10:50","modified_gmt":"2022-09-10T19:10:50","slug":"vucurovic-nadlezni-da-istraze-veze-bilcika-i-dps-a","status":"publish","type":"post","link":"https:\/\/www.pcnen.com\/portal\/2022\/09\/10\/vucurovic-nadlezni-da-istraze-veze-bilcika-i-dps-a\/","title":{"rendered":"Vu\u010durovi\u0107: Nadle\u017eni da istra\u017ee veze Bil\u010dika i DPS-a"},"content":{"rendered":"<p>Vu\u010durovi\u0107 je istakao da se Bil\u010dkik ponovo \u201ela\u017eno legitimi\u0161e da predstavlja Evropu\u201c, a neevropski i nedemokratski se mije\u0161a u unutra\u0161nje stvari jedne dr\u017eave.<\/p>\n<p>\u201eUpravo se DF najsna\u017enije zala\u017ee za ono sto EU sugeri\u0161e Crnoj Gori, a to je odlu\u010dna borba protiv organizovanog kriminala i korupcije, i DF je ba\u0161 taj koji je pro\u0161ao progon i torturu od biv\u0161eg kriminalnog re\u017eima Mila \u0110ukanovi\u0107a. Vidje\u0107emo koji su motivi Bil\u010dika da ovako sna\u017eno podr\u017eava DPS, koji je politi\u010dko krilo mafije, i te motive bi svakako trebalo da istra\u017ee i nadle\u017eni organi\u201c, naveo je poslanik Fronta.<\/p>\n<p>Kako je dodao, Vlada Crne Gore treba da se pravi u Crnoj Gori, bez pritisaka sa bilo koje adrese, a posebno od onih koji se do sada nijesu pokazali kao dobronamjerni.<\/p>\n<p>\u201eSvakodnevno istupanje Vladimira Bil\u010dika nikako ne doprinosi dogovoru i njegovo pona\u0161anje navodi da on nije neko ko nezavisno posmatra situaciju u na\u0161oj dr\u017eavi, ve\u0107 se radi o nekome ko je sna\u017eno povezan sa DPS\u201c, ocijenio je Vu\u010durovi\u0107.<\/p>\n<p>Dodao je da nas, sa jedne strane, EU poziva na obra\u010dun sa organizovanim kriminalom i korupcijom, a, sa druge, Bil\u010dik podr\u017eava one koji su stvorili najopasnije kriminalne organizacije u Evropi.<\/p>\n<p>\u201ePona\u0161anje Bil\u010dika prije svega govori da on ne po\u0161tuju Crnu Goru i njene gra\u0111ane, samim tim sto ne po\u0161tuju volju gra\u0111ana sa izbora. Kao \u0161to se, izme\u0111u ostalog, navodi u Sporazumu pobjednika izbora 30. avgusta, koji su potpisali 41 poslanik \u2013 ne\u0107e se dozvoliti da bilo ko sa strane uti\u010de na formiranje budu\u0107e vlade. EU je na\u0161 partner i evropske integracije su na\u0161 cilj, ali neki su sebi previ\u0161e dozvolili i vrijeme je da stanu\u201c, poru\u010dio je Vu\u010durovi\u0107.<\/p>\n<blockquote class=\"wp-embedded-content\" data-secret=\"ZXC0w1yOsz\"><p><a href=\"https:\/\/www.pcnen.com\/portal\/2022\/09\/10\/bilcik-ostajem-pri-stavu-da-vlada-sa-df-nema-podrsku-eu\/\">Bil\u010dik: Ostajem pri stavu da vlada sa DF nema podr\u0161ku EU<\/a><\/p><\/blockquote>\n<p><iframe loading=\"lazy\" class=\"wp-embedded-content\" sandbox=\"allow-scripts\" security=\"restricted\" style=\"position: absolute; clip: rect(1px, 1px, 1px, 1px);\" title=\"&#8220;Bil\u010dik: Ostajem pri stavu da vlada sa DF nema podr\u0161ku EU&#8221; &#8212; PCNEN\" src=\"https:\/\/www.pcnen.com\/portal\/2022\/09\/10\/bilcik-ostajem-pri-stavu-da-vlada-sa-df-nema-podrsku-eu\/embed\/#?secret=XukUATJ35Z#?secret=ZXC0w1yOsz\" data-secret=\"ZXC0w1yOsz\" width=\"600\" height=\"338\" frameborder=\"0\" marginwidth=\"0\" marginheight=\"0\" scrolling=\"no\"><\/iframe><\/p>\n","protected":false},"excerpt":{"rendered":"<p>Nakon \u0161to je Vladimir Bil\u010dik izjavio da \u201eoni u institucijama Evropske unije imaju ozbiljne sumnje da bi Vlada sa Demokratskim frontom u njoj bila sposobna i voljna da radi posve\u0107eno na evropskim integracijama Crne Gore\u201c, oglasio se poslanik DF Jovan Vu\u010durovi\u0107, koji je poru\u010dio da Bil\u010dik, po ko zna koji put, iznosi informacije koje nijesu ta\u010dne, te da bi nadle\u017eni trebalo da ispitaju njegove veze sa Demokratskom partijom socijalista.<\/p>\n","protected":false},"author":1,"featured_media":331200,"comment_status":"open","ping_status":"closed","sticky":false,"template":"","format":"standard","meta":{"_seopress_robots_primary_cat":"","_seopress_titles_title":"","_seopress_titles_desc":"","_seopress_robots_index":"","_et_pb_use_builder":"","_et_pb_old_content":"","_et_gb_content_width":"","inline_featured_image":false,"footnotes":""},"categories":[14],"tags":[],"class_list":["post-354879","post","type-post","status-publish","format-standard","has-post-thumbnail","hentry","category-vijesti"],"_links":{"self":[{"href":"https:\/\/www.pcnen.com\/portal\/wp-json\/wp\/v2\/posts\/354879","targetHints":{"allow":["GET"]}}],"collection":[{"href":"https:\/\/www.pcnen.com\/portal\/wp-json\/wp\/v2\/posts"}],"about":[{"href":"https:\/\/www.pcnen.com\/portal\/wp-json\/wp\/v2\/types\/post"}],"author":[{"embeddable":true,"href":"https:\/\/www.pcnen.com\/portal\/wp-json\/wp\/v2\/users\/1"}],"replies":[{"embeddable":true,"href":"https:\/\/www.pcnen.com\/portal\/wp-json\/wp\/v2\/comments?post=354879"}],"version-history":[{"count":3,"href":"https:\/\/www.pcnen.com\/portal\/wp-json\/wp\/v2\/posts\/354879\/revisions"}],"predecessor-version":[{"id":354884,"href":"https:\/\/www.pcnen.com\/portal\/wp-json\/wp\/v2\/posts\/354879\/revisions\/354884"}],"wp:featuredmedia":[{"embeddable":true,"href":"https:\/\/www.pcnen.com\/portal\/wp-json\/wp\/v2\/media\/331200"}],"wp:attachment":[{"href":"https:\/\/www.pcnen.com\/portal\/wp-json\/wp\/v2\/media?parent=354879"}],"wp:term":[{"taxonomy":"category","embeddable":true,"href":"https:\/\/www.pcnen.com\/portal\/wp-json\/wp\/v2\/categories?post=354879"},{"taxonomy":"post_tag","embeddable":true,"href":"https:\/\/www.pcnen.com\/portal\/wp-json\/wp\/v2\/tags?post=354879"}],"curies":[{"name":"wp","href":"https:\/\/api.w.org\/{rel}","templated":true}]}}