{"id":354866,"date":"2022-09-10T19:03:53","date_gmt":"2022-09-10T17:03:53","guid":{"rendered":"https:\/\/www.pcnen.com\/portal\/?p=354866"},"modified":"2022-09-10T19:03:53","modified_gmt":"2022-09-10T17:03:53","slug":"cgo-mjesta-stradanja-treba-da-budu-dio-istorije-i-obrazovanja-a-ne-odmora-i-zabave","status":"publish","type":"post","link":"https:\/\/www.pcnen.com\/portal\/2022\/09\/10\/cgo-mjesta-stradanja-treba-da-budu-dio-istorije-i-obrazovanja-a-ne-odmora-i-zabave\/","title":{"rendered":"CGO: Mjesta stradanja treba da budu dio istorije i obrazovanja a ne odmora i zabave"},"content":{"rendered":"<p>Razvoj kulture sje\u0107anja i po\u0161tovanja, priznanja i suosje\u0107anja sa svim \u017ertvama predstavlja dio temelja demokratskog dru\u0161tva, ali i prevencije zlo\u010dina, o \u010demu bi odgovorne vlasti morale voditi ra\u010duna.<\/p>\n<p>Na \u017ealost, u Crnoj Gori imamo hroni\u010dni nedostatak svijesti donosilaca odluka o potrebi uspostavljanja kulture sje\u0107anja, ali i generalno kulture ljudskih prava kada su u pitanju stradanja gra\u0111ana i gra\u0111anki uslijed ratnih de\u0161avanja. Dodatno, pravosudne institucije su zanemarile procesuiranje ratnih zlo\u010dina i preispitivanje predmeta koji su bili u njihovom radu prije mnogo godina, a koji se nisu okon\u010dali utvr\u0111ivanjem odgovornih niti pravdom za \u017ertve i njihove porodice. Na ovo uporno ukazuju relevantne nevladine organizacije i me\u0111unarodne institucije, upozoravaju\u0107i da bez adekvatnog suo\u010davanja sa pro\u0161lo\u0161\u0107u i kulture sje\u0107anja istinske demokratizacije i evropeizacije dru\u0161tva, pi\u0161e u saiop\u0161tenju.<\/p>\n<p>Odnos prethodnih vlasti prema Mamuli, kao antifa\u0161isti\u010dkom strati\u0161tu, nije odlika zrelog dru\u0161tva niti su u ovom slu\u010daju politi\u010dke strukture koje su odlu\u010divale o ovom objektu pokazale privr\u017eenost antifa\u0161isti\u010dkim tekovinama.<\/p>\n<p>CGO cijeni da su ovakvom transformacijom tvr\u0111ave Mamula, na ostrvu Lastavica, iz nekada\u0161njeg koncentracionog logora u luksuzni hotelski rizort poni\u017eene \u017ertve okupatorske represije u XX vijeku. Tako\u0111e, izgubljeno je nekoliko \u0161ansi da se osigura adekvatna za\u0161tita tog istorijski va\u017enog lokaliteta, a i obezbijedi njegova odr\u017eivost u javnom interesu.<\/p>\n<p>Podsje\u0107anja radi, CGO se zalagao za osnivanje Memorijalnog centra Mamula, kako bi ovaj lokalitet postao dio obrazovnog sistema i posebne ponude obrazovnog turizma. Na ovaj na\u010din bi se omogu\u0107ilo novim generacijama da u\u010de o istoriji i antifa\u0161isti\u010dkoj borbi, ali i turistima iz drugih dr\u017eava da u\u010de o na\u0161oj pro\u0161losti koja je va\u017ena i sa aspekta oblikovanja modernog crnogorskog dru\u0161tva. Na \u017ealost, takvi zahtjevi su potpuno ignorisani, na komemorativnim skupovima koje antifa\u0161isti\u010dka udru\u017eenja godinama organizuju, i na kojima je i CGO-a redovno u\u010destvovao, nikada nije bilo predstavnika izvr\u0161ne vlasti, \u0161to je bila tako\u0111e lo\u0161a poruka.<\/p>\n<p>Danas koristimo priliku da posebno odamo po\u0161tovanje Ivu Markovi\u0107u, koji je preminuo u avgustu ove godine. On je godinama bio na komemorativnim skupovima dijele\u0107i iskustvo iz logora u kojem je bio zato\u010den sa svojih devet godina. Dio te njegove pri\u010de prenije\u0107e i dokumentarni film na kojem radi reditelj Aleksandar Relji\u0107, a koji koproducira i CGO.<\/p>\n<p>Crnogorsko dru\u0161tvo, a posebno institucije sistema, moraju \u010duvati od zaborava slavnu antifa\u0161isti\u010dku borbu uz po\u0161tovanje prema herojima te borbe, kao i \u017ertavama fa\u0161isti\u010dke ideologije.<\/p>\n","protected":false},"excerpt":{"rendered":"<p>Centar za gra\u0111ansko obrazovanje (CGO) i ovog septembra odaje po\u0161tovanje svim nastradalima i zato\u010denima u logoru Mamula tokom II svjetskog rata, a me\u0111u kojima je bilo ve\u0107insko stanovni\u0161tvo iz Boke Kotorske<\/p>\n","protected":false},"author":1,"featured_media":354867,"comment_status":"open","ping_status":"closed","sticky":false,"template":"","format":"standard","meta":{"_seopress_robots_primary_cat":"","_seopress_titles_title":"","_seopress_titles_desc":"","_seopress_robots_index":"","_et_pb_use_builder":"","_et_pb_old_content":"","_et_gb_content_width":"","inline_featured_image":false,"footnotes":""},"categories":[14],"tags":[],"class_list":["post-354866","post","type-post","status-publish","format-standard","has-post-thumbnail","hentry","category-vijesti"],"_links":{"self":[{"href":"https:\/\/www.pcnen.com\/portal\/wp-json\/wp\/v2\/posts\/354866","targetHints":{"allow":["GET"]}}],"collection":[{"href":"https:\/\/www.pcnen.com\/portal\/wp-json\/wp\/v2\/posts"}],"about":[{"href":"https:\/\/www.pcnen.com\/portal\/wp-json\/wp\/v2\/types\/post"}],"author":[{"embeddable":true,"href":"https:\/\/www.pcnen.com\/portal\/wp-json\/wp\/v2\/users\/1"}],"replies":[{"embeddable":true,"href":"https:\/\/www.pcnen.com\/portal\/wp-json\/wp\/v2\/comments?post=354866"}],"version-history":[{"count":1,"href":"https:\/\/www.pcnen.com\/portal\/wp-json\/wp\/v2\/posts\/354866\/revisions"}],"predecessor-version":[{"id":354868,"href":"https:\/\/www.pcnen.com\/portal\/wp-json\/wp\/v2\/posts\/354866\/revisions\/354868"}],"wp:featuredmedia":[{"embeddable":true,"href":"https:\/\/www.pcnen.com\/portal\/wp-json\/wp\/v2\/media\/354867"}],"wp:attachment":[{"href":"https:\/\/www.pcnen.com\/portal\/wp-json\/wp\/v2\/media?parent=354866"}],"wp:term":[{"taxonomy":"category","embeddable":true,"href":"https:\/\/www.pcnen.com\/portal\/wp-json\/wp\/v2\/categories?post=354866"},{"taxonomy":"post_tag","embeddable":true,"href":"https:\/\/www.pcnen.com\/portal\/wp-json\/wp\/v2\/tags?post=354866"}],"curies":[{"name":"wp","href":"https:\/\/api.w.org\/{rel}","templated":true}]}}