{"id":354859,"date":"2022-09-10T16:32:51","date_gmt":"2022-09-10T14:32:51","guid":{"rendered":"https:\/\/www.pcnen.com\/portal\/?p=354859"},"modified":"2022-09-10T16:33:36","modified_gmt":"2022-09-10T14:33:36","slug":"ura-trazi-sankcije-za-tv-gradska","status":"publish","type":"post","link":"https:\/\/www.pcnen.com\/portal\/2022\/09\/10\/ura-trazi-sankcije-za-tv-gradska\/","title":{"rendered":"URA tra\u017ei sankcije za TV Gradska"},"content":{"rendered":"<p>Oni su kazali da Gradska RTV kontinuirano &#8220;\u0161iri mr\u017enju, netrpeljivost, neprofesionalizam, podsti\u010de tenzije i izaziva paniku&#8221;.<\/p>\n<p>Istakli su da \u0107e prigovor ulo\u017eiti na programski sadr\u017eaj emisije \u201eHej, Sloveni\u201c, autora Senada Pe\u0107anina u kojem se, prema njihovim rije\u010dima, kontinuirano targetira premijer i predsjednik URE Dritan Abazovi\u0107 kojem se implicira da Crnu Goru vodi u gra\u0111anski rat, \u010dime se, kako ka\u017eu iz Medijskog tima ove partije, javnost uzbunjuje, i unosi nemir i panika.<\/p>\n<p>Ka\u017eu da sadr\u017eaj ove emisije ali i informativni program ove RTV stanice, koji &#8220;da paradoks bude ve\u0107i pla\u0107aju svi gra\u0111ani glavnog grada, obiluje stvarima koje su u suprotnosti sa Zakonom o medijima i Kodeksom novinara Crne Gore&#8221;.<\/p>\n<p>&#8220;Pluralizam medija i osnovana kritika su uvijek dobrodo\u0161li, ali se oni ne smiju poistovijetiti sa onim stvarima kojima se kr\u0161e na\u010dela i propisi. U tom slu\u010daju mediji moraju imati sankcije od strane nadle\u017enih institucija&#8221;, poru\u010dili su iz URE.<\/p>\n<p>Napominju da \u0107e od Savjeta AEM-a tra\u017eiti sankcije za ovog javnog emitera koji, kako ka\u017eu, o tro\u0161ku gra\u0111ana Podgorice izvje\u0161tava pristrasno i u interesu odre\u0111enih politi\u010dkih elita.<\/p>\n","protected":false},"excerpt":{"rendered":"<p>Gra\u0111anski pokret URA podnije\u0107e prigovor Agenciji za elektronske medije (AEM) na programski sadr\u017eaj \u201eGradske RTV\u201c, saop\u0161tili su iz Medijskog tima ove partije.<\/p>\n","protected":false},"author":1,"featured_media":323001,"comment_status":"open","ping_status":"closed","sticky":false,"template":"","format":"standard","meta":{"_seopress_robots_primary_cat":"","_seopress_titles_title":"","_seopress_titles_desc":"","_seopress_robots_index":"","_et_pb_use_builder":"","_et_pb_old_content":"","_et_gb_content_width":"","inline_featured_image":false,"footnotes":""},"categories":[14],"tags":[],"class_list":["post-354859","post","type-post","status-publish","format-standard","has-post-thumbnail","hentry","category-vijesti"],"_links":{"self":[{"href":"https:\/\/www.pcnen.com\/portal\/wp-json\/wp\/v2\/posts\/354859","targetHints":{"allow":["GET"]}}],"collection":[{"href":"https:\/\/www.pcnen.com\/portal\/wp-json\/wp\/v2\/posts"}],"about":[{"href":"https:\/\/www.pcnen.com\/portal\/wp-json\/wp\/v2\/types\/post"}],"author":[{"embeddable":true,"href":"https:\/\/www.pcnen.com\/portal\/wp-json\/wp\/v2\/users\/1"}],"replies":[{"embeddable":true,"href":"https:\/\/www.pcnen.com\/portal\/wp-json\/wp\/v2\/comments?post=354859"}],"version-history":[{"count":2,"href":"https:\/\/www.pcnen.com\/portal\/wp-json\/wp\/v2\/posts\/354859\/revisions"}],"predecessor-version":[{"id":354861,"href":"https:\/\/www.pcnen.com\/portal\/wp-json\/wp\/v2\/posts\/354859\/revisions\/354861"}],"wp:featuredmedia":[{"embeddable":true,"href":"https:\/\/www.pcnen.com\/portal\/wp-json\/wp\/v2\/media\/323001"}],"wp:attachment":[{"href":"https:\/\/www.pcnen.com\/portal\/wp-json\/wp\/v2\/media?parent=354859"}],"wp:term":[{"taxonomy":"category","embeddable":true,"href":"https:\/\/www.pcnen.com\/portal\/wp-json\/wp\/v2\/categories?post=354859"},{"taxonomy":"post_tag","embeddable":true,"href":"https:\/\/www.pcnen.com\/portal\/wp-json\/wp\/v2\/tags?post=354859"}],"curies":[{"name":"wp","href":"https:\/\/api.w.org\/{rel}","templated":true}]}}