{"id":354819,"date":"2022-09-09T21:02:56","date_gmt":"2022-09-09T19:02:56","guid":{"rendered":"https:\/\/www.pcnen.com\/portal\/?p=354819"},"modified":"2022-09-09T21:14:35","modified_gmt":"2022-09-09T19:14:35","slug":"stoltenberg-o-ratu-u-ukrajini-solidarnost-zapada-ne-smije-sada-posustati","status":"publish","type":"post","link":"https:\/\/www.pcnen.com\/portal\/2022\/09\/09\/stoltenberg-o-ratu-u-ukrajini-solidarnost-zapada-ne-smije-sada-posustati\/","title":{"rendered":"Stoltenberg o ratu u Ukrajini: Solidarnost Zapada ne smije sada posustati"},"content":{"rendered":"<p>\u201cUkrajinske snage su uspjele da zaustave ofanzivu Moskve u Donbasu, napadnu iza ruskih linija i ponovo zauzmu teritoriju\u201d, rekao je Stoltenberg tokom dana\u0161nje konferencije za medije s dr\u017eavni sekretarom SAD Antonijem Blinkenom.<\/p>\n<p>On je naglasio da solidarnost Zapada ne smije sada posustati.<\/p>\n<p>\u201cCijena koju mi pla\u0107amo mjeri se u novcu, dok se cijena koju pla\u0107aju Ukrajinci mjeri u \u017eivotima\u201d, rekao je Stoltenberg. \u201cI svi mi \u0107emo platiti puno ve\u0107u cijenu ako Rusija i drugi autoritativni re\u017eimi vide da se njihova agresija nagra\u0111uje.\u201d<\/p>\n<p>\u201cAko se Rusija prestane boriti, bi\u0107e mir. Ako se Ukrajina prestane boriti, presta\u0107e postojati kao nezavisna nacija\u201d, rekao je Stoltenberg.<\/p>\n<p><img loading=\"lazy\" decoding=\"async\" class=\"aligncenter\" src=\"https:\/\/blogger.googleusercontent.com\/img\/b\/R29vZ2xl\/AVvXsEjn6vcJJAJSxXjgxIrL53FIjReLRCoZRyIFZRDCaflGwqHfItYJiYdqJSCRq_mhKiED6LPPfdtu0at4Wa4TW5zKRQvuLkzPYpJsNLRJ4FbtPVRFqV-u3VAn5pBWKv_12jO0-L8Mf3syL2omLaq5kuPNd4K2K5U-WhezaL39RU1bfdFzfHdktjOTpw\/s1000\/karta.png\" alt=\"https:\/\/blogger.googleusercontent.com\/img\/b\/R29vZ2xl\/AVvXsEjn6vcJJAJSxXjgxIrL53FIjReLRCoZRyIFZRDCaflGwqHfItYJiYdqJSCRq_mhKiED6LPPfdtu0at4Wa4TW5zKRQvuLkzPYpJsNLRJ4FbtPVRFqV-u3VAn5pBWKv_12jO0-L8Mf3syL2omLaq5kuPNd4K2K5U-WhezaL39RU1bfdFzfHdktjOTpw\/s1000\/karta.png\" width=\"775\" height=\"495\" \/><\/p>\n","protected":false},"excerpt":{"rendered":"<p>Ruski rat u Ukrajini ulazi u \u201ckriti\u010dnu fazu\u201d zahvaljuju\u0107i protivofanzivi Kijeva, kazao je generalni sekretar \u00a0NATO saveza Jens Stoltenberg, prenosi agencija DPA.<\/p>\n","protected":false},"author":1,"featured_media":301461,"comment_status":"open","ping_status":"closed","sticky":false,"template":"","format":"standard","meta":{"_seopress_robots_primary_cat":"","_seopress_titles_title":"","_seopress_titles_desc":"","_seopress_robots_index":"","_et_pb_use_builder":"","_et_pb_old_content":"","_et_gb_content_width":"","inline_featured_image":false,"footnotes":""},"categories":[14],"tags":[],"class_list":["post-354819","post","type-post","status-publish","format-standard","has-post-thumbnail","hentry","category-vijesti"],"_links":{"self":[{"href":"https:\/\/www.pcnen.com\/portal\/wp-json\/wp\/v2\/posts\/354819","targetHints":{"allow":["GET"]}}],"collection":[{"href":"https:\/\/www.pcnen.com\/portal\/wp-json\/wp\/v2\/posts"}],"about":[{"href":"https:\/\/www.pcnen.com\/portal\/wp-json\/wp\/v2\/types\/post"}],"author":[{"embeddable":true,"href":"https:\/\/www.pcnen.com\/portal\/wp-json\/wp\/v2\/users\/1"}],"replies":[{"embeddable":true,"href":"https:\/\/www.pcnen.com\/portal\/wp-json\/wp\/v2\/comments?post=354819"}],"version-history":[{"count":3,"href":"https:\/\/www.pcnen.com\/portal\/wp-json\/wp\/v2\/posts\/354819\/revisions"}],"predecessor-version":[{"id":354822,"href":"https:\/\/www.pcnen.com\/portal\/wp-json\/wp\/v2\/posts\/354819\/revisions\/354822"}],"wp:featuredmedia":[{"embeddable":true,"href":"https:\/\/www.pcnen.com\/portal\/wp-json\/wp\/v2\/media\/301461"}],"wp:attachment":[{"href":"https:\/\/www.pcnen.com\/portal\/wp-json\/wp\/v2\/media?parent=354819"}],"wp:term":[{"taxonomy":"category","embeddable":true,"href":"https:\/\/www.pcnen.com\/portal\/wp-json\/wp\/v2\/categories?post=354819"},{"taxonomy":"post_tag","embeddable":true,"href":"https:\/\/www.pcnen.com\/portal\/wp-json\/wp\/v2\/tags?post=354819"}],"curies":[{"name":"wp","href":"https:\/\/api.w.org\/{rel}","templated":true}]}}