{"id":354774,"date":"2022-09-09T08:14:07","date_gmt":"2022-09-09T06:14:07","guid":{"rendered":"https:\/\/www.pcnen.com\/portal\/?p=354774"},"modified":"2022-09-09T08:14:07","modified_gmt":"2022-09-09T06:14:07","slug":"dw-slanjem-pletnera-na-balkan-njemacka-ubacuje-u-visu-brzinu","status":"publish","type":"post","link":"https:\/\/www.pcnen.com\/portal\/2022\/09\/09\/dw-slanjem-pletnera-na-balkan-njemacka-ubacuje-u-visu-brzinu\/","title":{"rendered":"DW: Slanjem Pletnera na Balkan, Njema\u010dka ubacuje u vi\u0161u brzinu"},"content":{"rendered":"<p>Najnoviji potez u procesu intenziviranja napora da se rije\u0161e problemi na Zapadnom Balkanu koji u sebi sadr\u017ee opasnost ve\u0107eg sukoba, jeste da je kancelar svog savjetnika za spoljnu i bezbjednosnu politiku Jensa Pletnera uklju\u010dio u proces razvoja dijaloga o normalizaciji odnosa izme\u0111u Beograda i Pri\u0161tina. To je u\u010dinjeno u dogovoru s Francuskom, \u010diji predsjednik Emanuel Makron tako\u0111e na raspolaganje i kao pomo\u0107 specijalnom izaslaniku EU za dijalog Miroslavu Laj\u010daku stavlja svog spoljnopoliti\u010dkog savjetnika Emanuela Bonea.<\/p>\n<p>Po\u010detkom nedjelje portparol njema\u010dke vlade \u0160tefen Hebe\u0161trajt je potvrdio da ve\u0107 ovog petka (9.9.) Pletner sa svojim kolegom Boneom putuje na Kosovo i u Srbiju, kao pratnja Laj\u010daku, <a href=\"https:\/\/www.dw.com\/sr\/slanjem-pletnera-na-balkan-nema%C4%8Dka-ubacuje-u-vi%C5%A1u-brzinu\/a-63059630\" target=\"_blank\" rel=\"noopener\">pi\u0161e DW.<\/a><\/p>\n","protected":false},"excerpt":{"rendered":"<p>Savjetnik njema\u010dkog kancelara Jens Pletner sti\u017ee u Pri\u0161tinu i Beograd. Pored njega, u delegaciji Miroslava Laj\u010daka bi\u0107e i savjetnik francuskog predsjednika Emanuel Bone. To je nova dimenzija re\u0161avanja starog problema, konstatuje DW.<\/p>\n","protected":false},"author":1,"featured_media":331751,"comment_status":"open","ping_status":"closed","sticky":false,"template":"","format":"standard","meta":{"_seopress_robots_primary_cat":"","_seopress_titles_title":"","_seopress_titles_desc":"","_seopress_robots_index":"","_et_pb_use_builder":"","_et_pb_old_content":"","_et_gb_content_width":"","inline_featured_image":false,"footnotes":""},"categories":[14],"tags":[],"class_list":["post-354774","post","type-post","status-publish","format-standard","has-post-thumbnail","hentry","category-vijesti"],"_links":{"self":[{"href":"https:\/\/www.pcnen.com\/portal\/wp-json\/wp\/v2\/posts\/354774","targetHints":{"allow":["GET"]}}],"collection":[{"href":"https:\/\/www.pcnen.com\/portal\/wp-json\/wp\/v2\/posts"}],"about":[{"href":"https:\/\/www.pcnen.com\/portal\/wp-json\/wp\/v2\/types\/post"}],"author":[{"embeddable":true,"href":"https:\/\/www.pcnen.com\/portal\/wp-json\/wp\/v2\/users\/1"}],"replies":[{"embeddable":true,"href":"https:\/\/www.pcnen.com\/portal\/wp-json\/wp\/v2\/comments?post=354774"}],"version-history":[{"count":1,"href":"https:\/\/www.pcnen.com\/portal\/wp-json\/wp\/v2\/posts\/354774\/revisions"}],"predecessor-version":[{"id":354775,"href":"https:\/\/www.pcnen.com\/portal\/wp-json\/wp\/v2\/posts\/354774\/revisions\/354775"}],"wp:featuredmedia":[{"embeddable":true,"href":"https:\/\/www.pcnen.com\/portal\/wp-json\/wp\/v2\/media\/331751"}],"wp:attachment":[{"href":"https:\/\/www.pcnen.com\/portal\/wp-json\/wp\/v2\/media?parent=354774"}],"wp:term":[{"taxonomy":"category","embeddable":true,"href":"https:\/\/www.pcnen.com\/portal\/wp-json\/wp\/v2\/categories?post=354774"},{"taxonomy":"post_tag","embeddable":true,"href":"https:\/\/www.pcnen.com\/portal\/wp-json\/wp\/v2\/tags?post=354774"}],"curies":[{"name":"wp","href":"https:\/\/api.w.org\/{rel}","templated":true}]}}