{"id":354745,"date":"2022-09-08T20:12:57","date_gmt":"2022-09-08T18:12:57","guid":{"rendered":"https:\/\/www.pcnen.com\/portal\/?p=354745"},"modified":"2022-09-08T20:12:57","modified_gmt":"2022-09-08T18:12:57","slug":"becic-odricemo-se-mjesta-premijera-i-predsjednika-skupstine","status":"publish","type":"post","link":"https:\/\/www.pcnen.com\/portal\/2022\/09\/08\/becic-odricemo-se-mjesta-premijera-i-predsjednika-skupstine\/","title":{"rendered":"Be\u010di\u0107: Odri\u010demo se mjesta premijera i predsjednika Skup\u0161tine"},"content":{"rendered":"<p><strong>Sao\u0161tenje:<\/strong><\/p>\n<p>&#8220;Na samom po\u010detku \u017eelio bih prvo da \u010destitam gra\u0111anima Crne Gore \u0161to imaju dovoljno strpljenja u situaciji hiperprodukcije kandidata za predsjednika Vlade i predsjednika Skup\u0161tine Crne Gore. To nije lako \u010dak ni \u010ditati, a kamoli vama kao pobjednicima izbora od 30. avgusta u tome i u\u010destvovati.<\/p>\n<p>Naime, jedna\u00a0 grupa poslanika svakodnevno predla\u017ee svog partijskog \u0161efa za mandatara, a sa druge strane grupa ministara svog strana\u010dkog \u0161efa za mandatara. Nije im stran \u010dak ni institut samokandidovanja i samoutrkivanja za jednu od ove dvije presti\u017ene dr\u017eavne funkcije.<\/p>\n<p>Po\u0161tovani gra\u0111ani Crne Gore, posebno vi koji ste 30 godina \u010dekali demokratske promjene.<\/p>\n<p>Nakon veli\u010danstvene pobjede na prethodnim parlamentarnim izborima poslanici Demokrata bezuslovno su podr\u017eali nosioca izborne liste \u201cZa budu\u0107nost Crne Gore\u201d da bude mandatar. Odmah nakon toga bezuslovno smo podr\u017eali sastav 42. Vlade Crne Gore iako u toj Vladi nijesmo imali niti jednog ministra.<\/p>\n<p>Samim tim bezuslovno smo podr\u017eali nosioca druge izborne liste za prvog potpredsjednika Vlade. Obije izborne liste u toj Vladi su imale direktne i indirektne predstavnike u liku \u010dlanova Vlade. Izborna lista Demokrata, jedina je izborna lista koja nije imala niti jednog predstavnika u Vladi Crne Gore. I pored \u010dinjenice da su obije izborne liste aktivno ili pasivno ru\u0161ili sopstvenu Vladu, Demokrate su svom svojom politi\u010dkom snagom branile 42. Vladu Crnu Gore u kojoj nijesu u\u010destvovale.<\/p>\n<p>Na\u017ealost, nijesmo je odbranili. Formirana je 43. DPS Vlada. Odbili smo ponu\u0111eno u\u010de\u0161\u0107e u takvoj Vladi. Smijenjeni smo sa najvi\u0161ih dr\u017eavnih funkcija i dostojanstveno, bez pauza, bez trikova i sli\u010dnih blefova, oti\u0161li u opoziciju.<\/p>\n<p>S obzirom da su otpo\u010deli pregovori u kojima aktivno i iskreno u\u010destvujemo, nagla\u0161avam sljede\u0107e:<\/p>\n<p>Prvo, jedina smo pobjedni\u010dka izborna lista, \u010diji nosilac u ovom sazivu Parlamenta, nije bio mandatar za sastav nove Vlade, a pri tome smo pojedina\u010dno najja\u010da partija ove pobjedni\u010dke parlamentarne ve\u0107ine. Dakle, iz iznijetih \u010dinjenica i demokratskih principa, mjesto mandatara pripada Demokratskoj Crnoj Gori.<\/p>\n<p>Te \u010dasti i presti\u017ene politi\u010dke privilegije se, u ovom pregovara\u010dkom procesu, koji se vodi u organizaciji NSD, ODRI\u010cEMO u korist naroda i dr\u017eave Crne Gore.<\/p>\n<p>Ako bi ovi pregovori rezultirali izborom mandatara za sastav 44. Vlade Crne Gore, koji nakon ovog odricanja ne\u0107e biti iz na\u0161e Partije, na\u0161oj partiji nesporno pripada mjesto predsjednika Skup\u0161tine Crne Gore.<\/p>\n<p>I od ove presti\u017ene politi\u010dke funkcije, koju smo odgovorno obavljali, SE ODRI\u010cEMO.<\/p>\n<p>Prethodna odricanja od funkcija su na\u0161a mjera moralnosti u politici i jasan doprinos Demokrata da do dogovora do\u0111e.<\/p>\n<p>Isti\u010dem da se odri\u010demo u korist naroda i dr\u017eave, a ne u korist bilo kog kandidata, koji je kandidovan ili samokandidovan.<\/p>\n<p>Volja naroda Crne Gore je iznad bilo koje funkcije i bilo \u010dije fotelje. Kao \u0161to vidite odricanja od funkcija i ostavke na funkcije nije ne\u0161to \u0161to boli, niti su smak svijeta.<\/p>\n<p>Poslanice i poslanici, siguran sam da je moja poruka jasna. Fotelje su prolazne, a \u010dast i obraz \u017eive dovijeka&#8221;, zaklju\u010dio je Be\u010di\u0107.<\/p>\n","protected":false},"excerpt":{"rendered":"<p>Lider Demokratske Crne Gore Aleksa Be\u010di\u0107 saop\u0161tio je da se ta partija u korist dr\u017eave i naroda Crne Gore odri\u010de mjesta premijera i predsjednika Skup\u0161tine Crne Gore.<\/p>\n","protected":false},"author":1,"featured_media":337108,"comment_status":"open","ping_status":"closed","sticky":false,"template":"","format":"standard","meta":{"_seopress_robots_primary_cat":"","_seopress_titles_title":"","_seopress_titles_desc":"","_seopress_robots_index":"","_et_pb_use_builder":"","_et_pb_old_content":"","_et_gb_content_width":"","inline_featured_image":false,"footnotes":""},"categories":[14],"tags":[],"class_list":["post-354745","post","type-post","status-publish","format-standard","has-post-thumbnail","hentry","category-vijesti"],"_links":{"self":[{"href":"https:\/\/www.pcnen.com\/portal\/wp-json\/wp\/v2\/posts\/354745","targetHints":{"allow":["GET"]}}],"collection":[{"href":"https:\/\/www.pcnen.com\/portal\/wp-json\/wp\/v2\/posts"}],"about":[{"href":"https:\/\/www.pcnen.com\/portal\/wp-json\/wp\/v2\/types\/post"}],"author":[{"embeddable":true,"href":"https:\/\/www.pcnen.com\/portal\/wp-json\/wp\/v2\/users\/1"}],"replies":[{"embeddable":true,"href":"https:\/\/www.pcnen.com\/portal\/wp-json\/wp\/v2\/comments?post=354745"}],"version-history":[{"count":1,"href":"https:\/\/www.pcnen.com\/portal\/wp-json\/wp\/v2\/posts\/354745\/revisions"}],"predecessor-version":[{"id":354746,"href":"https:\/\/www.pcnen.com\/portal\/wp-json\/wp\/v2\/posts\/354745\/revisions\/354746"}],"wp:featuredmedia":[{"embeddable":true,"href":"https:\/\/www.pcnen.com\/portal\/wp-json\/wp\/v2\/media\/337108"}],"wp:attachment":[{"href":"https:\/\/www.pcnen.com\/portal\/wp-json\/wp\/v2\/media?parent=354745"}],"wp:term":[{"taxonomy":"category","embeddable":true,"href":"https:\/\/www.pcnen.com\/portal\/wp-json\/wp\/v2\/categories?post=354745"},{"taxonomy":"post_tag","embeddable":true,"href":"https:\/\/www.pcnen.com\/portal\/wp-json\/wp\/v2\/tags?post=354745"}],"curies":[{"name":"wp","href":"https:\/\/api.w.org\/{rel}","templated":true}]}}