{"id":354731,"date":"2022-09-08T16:28:35","date_gmt":"2022-09-08T14:28:35","guid":{"rendered":"https:\/\/www.pcnen.com\/portal\/?p=354731"},"modified":"2022-09-08T16:28:35","modified_gmt":"2022-09-08T14:28:35","slug":"ljeto-2022-najtoplije-ikad-zabiljezeno-u-evropi","status":"publish","type":"post","link":"https:\/\/www.pcnen.com\/portal\/2022\/09\/08\/ljeto-2022-najtoplije-ikad-zabiljezeno-u-evropi\/","title":{"rendered":"Ljeto 2022. najtoplije ikad zabilje\u017eeno u Evropi"},"content":{"rendered":"<p>Prosje\u010dne temperature bile su najvi\u0161e, kako za meksec avgust, tako za cijelo ljeto, i pre\u0161le su za ta tri mjeseca za 0,4 stepena temperature iz 2021, kada je zabilje\u017een prethodni rekord, naveo je Kopernikus.<\/p>\n<p>Tempertura je bila oko 1,34 stepena Celzijusa iznad projseka za sezonu 1991-2020 prema Kopernikusu, prenosi Beta.<\/p>\n<p>Samo za mjesec avgust temperature su &#8220;daleko najvi\u0161e registrovane&#8221;, i iznosile su 1,72 stepena Celzijusa vi\u0161e od prosjeka 1991-2020.<\/p>\n<p>&#8220;Niz intenzivnih vru\u0107ina \u0161irom Evrope zajedno sa neuobi\u010dajenim uslovima su\u0161e dovela je do ljeta ekstrema sa rekordnim temperaturama, su\u0161ama i po\u017earima&#8221;, rekla je u saop\u0161tenju Freja Vamborg, nau\u010dna zvani\u010dnica evropskog instituta.<\/p>\n<p>Ona je i podsjetila i na to da je prethodni rekord bio samo prije godinu dana.<\/p>\n","protected":false},"excerpt":{"rendered":"<p>Ljeto 2022. godine, od juna do avgusta kada je bilo vi\u0161e katastrofa vezanih za klimatsko zagrijavanje bilo je najtoplije registrovano u Evropi, saop\u0161tila je danas evropska slu\u017eba za klimatske promjene Kopernikus.<\/p>\n","protected":false},"author":1,"featured_media":346862,"comment_status":"open","ping_status":"closed","sticky":false,"template":"","format":"standard","meta":{"_seopress_robots_primary_cat":"","_seopress_titles_title":"","_seopress_titles_desc":"","_seopress_robots_index":"","_et_pb_use_builder":"","_et_pb_old_content":"","_et_gb_content_width":"","inline_featured_image":false,"footnotes":""},"categories":[14],"tags":[],"class_list":["post-354731","post","type-post","status-publish","format-standard","has-post-thumbnail","hentry","category-vijesti"],"_links":{"self":[{"href":"https:\/\/www.pcnen.com\/portal\/wp-json\/wp\/v2\/posts\/354731","targetHints":{"allow":["GET"]}}],"collection":[{"href":"https:\/\/www.pcnen.com\/portal\/wp-json\/wp\/v2\/posts"}],"about":[{"href":"https:\/\/www.pcnen.com\/portal\/wp-json\/wp\/v2\/types\/post"}],"author":[{"embeddable":true,"href":"https:\/\/www.pcnen.com\/portal\/wp-json\/wp\/v2\/users\/1"}],"replies":[{"embeddable":true,"href":"https:\/\/www.pcnen.com\/portal\/wp-json\/wp\/v2\/comments?post=354731"}],"version-history":[{"count":1,"href":"https:\/\/www.pcnen.com\/portal\/wp-json\/wp\/v2\/posts\/354731\/revisions"}],"predecessor-version":[{"id":354732,"href":"https:\/\/www.pcnen.com\/portal\/wp-json\/wp\/v2\/posts\/354731\/revisions\/354732"}],"wp:featuredmedia":[{"embeddable":true,"href":"https:\/\/www.pcnen.com\/portal\/wp-json\/wp\/v2\/media\/346862"}],"wp:attachment":[{"href":"https:\/\/www.pcnen.com\/portal\/wp-json\/wp\/v2\/media?parent=354731"}],"wp:term":[{"taxonomy":"category","embeddable":true,"href":"https:\/\/www.pcnen.com\/portal\/wp-json\/wp\/v2\/categories?post=354731"},{"taxonomy":"post_tag","embeddable":true,"href":"https:\/\/www.pcnen.com\/portal\/wp-json\/wp\/v2\/tags?post=354731"}],"curies":[{"name":"wp","href":"https:\/\/api.w.org\/{rel}","templated":true}]}}