{"id":354728,"date":"2022-09-08T16:13:46","date_gmt":"2022-09-08T14:13:46","guid":{"rendered":"https:\/\/www.pcnen.com\/portal\/?p=354728"},"modified":"2022-09-08T16:20:36","modified_gmt":"2022-09-08T14:20:36","slug":"durovic-ranko-vujovic-najavio-kraj-poznatog-svijeta-i-zivota","status":"publish","type":"post","link":"https:\/\/www.pcnen.com\/portal\/2022\/09\/08\/durovic-ranko-vujovic-najavio-kraj-poznatog-svijeta-i-zivota\/","title":{"rendered":"\u0110urovi\u0107: Ranko Vujovi\u0107 najavio kraj poznatog svijeta i \u017eivota"},"content":{"rendered":"<p>\u201cRanko Vujovi\u0107 zamjera Media centru \u0161to poziva Vladu i nadle\u017eno ministarstvo da stave kona\u010dno nakon 8 mjeseci rada na javnu raspravu medijske zakone. Klju\u010dna zamjerka Media centru je \u017eelja da se ubrza proces i da se prili\u010dan trud ve\u0107ine \u010dlanova radne grupe i predstavnika Ministarstva kulture i medija dovede do kraja. Upori\u0161te za kritiku i \u201copasne manipulacije\u201d Media centra Vujovi\u0107 tra\u017ei u izostalom sastanku radne grupe na kojem je trebalo da se predstave finalne verzije tri medijska zakona, iako svi \u010dlanovi radne grupe znaju da se na tom poslednjem sastanku te\u0161ko mogu mijenjati verzije koje Ministarstvo pripremi za javnu raspravu. Ministarstvo, svakako, treba da organzuje sastanak i predstavi radnoj grupi rje\u0161enja koja smatra dobrim, a tokom javne rasprave \u0107e svi, uklju\u010duju\u0107i Ranka Vujovi\u0107a i Media centar, imati priliku da ponovo daju svoje komentare i sugestije koje su saop\u0161tili i tokom u\u010de\u0161\u0107a u radnoj grupi. Dakle, ni\u0161ta ne mo\u017ee biti skriveno od o\u010diju javnosti jer upravo Media centar tra\u017ei javnu raspravu. Nije Ranko Vujovi\u0107 tra\u017eio ni\u0161ta, a kamoli zavr\u0161ne sastanke, dok je zakone pripremao \u017deljko Rutovi\u0107 i DPS a on bio standardni po\u017eeljni \u010dlan radnih grupa u prethodnih 20 godna. I tu je zapravo su\u0161tinski razlog reagovanja Ranka Vujovi\u0107a, \u017eelja da se Media centar i direktor optu\u017ee da svojim predlozima u vezi sa zakonskim rje\u0161enjema rade za interese \u2018medijskog i politi\u010dkog centra kojima pripada\u2019\u201d, <a href=\"https:\/\/www.facebook.com\/mediacentarcg\" target=\"_blank\" rel=\"noopener\">ka\u017ee \u0110urovi\u0107<\/a>, koji Vujovi\u0107a naziva \u010dinovnikom DPS-a, koji je, u toj ulozi, nanio ozbiljnu \u0161tetu medijima u Crnoj Gori i dr\u017eavnom bud\u017eetu.<\/p>\n","protected":false},"excerpt":{"rendered":"<p>\u201cKada Ranko Vujovi\u0107, sekretar Medijskog savjeta za samoregulaciju, spo\u010ditava \u2018opasne manipulacije\u2019 Media centru, onda to zna\u010di samo jedno &#8211; bli\u017ei se kraj Svijeta i \u017eivota kakvog smo poznavali\u201d, prva je re\u010denica odgovora direktora Media centra Gorana \u0110urovi\u0107a na optu\u017ebe Ranka Vujovi\u0107a, iznesene u njegovom reagovanju na saop\u0161tenje Media centra, u kome je zahtijevano od Vlade Crne Gore da sprovede predvi\u0111enu proceduru vezano za usvajanje novog seta medijskih zakona.<\/p>\n","protected":false},"author":1,"featured_media":273779,"comment_status":"open","ping_status":"closed","sticky":false,"template":"","format":"standard","meta":{"_seopress_robots_primary_cat":"","_seopress_titles_title":"","_seopress_titles_desc":"","_seopress_robots_index":"","_et_pb_use_builder":"","_et_pb_old_content":"","_et_gb_content_width":"","inline_featured_image":false,"footnotes":""},"categories":[14],"tags":[],"class_list":["post-354728","post","type-post","status-publish","format-standard","has-post-thumbnail","hentry","category-vijesti"],"_links":{"self":[{"href":"https:\/\/www.pcnen.com\/portal\/wp-json\/wp\/v2\/posts\/354728","targetHints":{"allow":["GET"]}}],"collection":[{"href":"https:\/\/www.pcnen.com\/portal\/wp-json\/wp\/v2\/posts"}],"about":[{"href":"https:\/\/www.pcnen.com\/portal\/wp-json\/wp\/v2\/types\/post"}],"author":[{"embeddable":true,"href":"https:\/\/www.pcnen.com\/portal\/wp-json\/wp\/v2\/users\/1"}],"replies":[{"embeddable":true,"href":"https:\/\/www.pcnen.com\/portal\/wp-json\/wp\/v2\/comments?post=354728"}],"version-history":[{"count":2,"href":"https:\/\/www.pcnen.com\/portal\/wp-json\/wp\/v2\/posts\/354728\/revisions"}],"predecessor-version":[{"id":354730,"href":"https:\/\/www.pcnen.com\/portal\/wp-json\/wp\/v2\/posts\/354728\/revisions\/354730"}],"wp:featuredmedia":[{"embeddable":true,"href":"https:\/\/www.pcnen.com\/portal\/wp-json\/wp\/v2\/media\/273779"}],"wp:attachment":[{"href":"https:\/\/www.pcnen.com\/portal\/wp-json\/wp\/v2\/media?parent=354728"}],"wp:term":[{"taxonomy":"category","embeddable":true,"href":"https:\/\/www.pcnen.com\/portal\/wp-json\/wp\/v2\/categories?post=354728"},{"taxonomy":"post_tag","embeddable":true,"href":"https:\/\/www.pcnen.com\/portal\/wp-json\/wp\/v2\/tags?post=354728"}],"curies":[{"name":"wp","href":"https:\/\/api.w.org\/{rel}","templated":true}]}}