{"id":354711,"date":"2022-09-08T11:17:10","date_gmt":"2022-09-08T09:17:10","guid":{"rendered":"https:\/\/www.pcnen.com\/portal\/?p=354711"},"modified":"2022-09-08T11:18:03","modified_gmt":"2022-09-08T09:18:03","slug":"abazovic-odgovorio-konjevicu-dobro-je-sto-rasko-zna-cije-su-cigare","status":"publish","type":"post","link":"https:\/\/www.pcnen.com\/portal\/2022\/09\/08\/abazovic-odgovorio-konjevicu-dobro-je-sto-rasko-zna-cije-su-cigare\/","title":{"rendered":"Abazovi\u0107 odgovorio Konjevi\u0107u: \u2018Dobro je \u0161to Ra\u0161ko zna \u010dije su cigare\u2019"},"content":{"rendered":"<blockquote><p>\u201cKad god se desi velika zapljena nelegalnih cigareta nastane jo\u0161 ve\u0107a panika na dvoru. Zato razumijem rezigniranost Konjevi\u0107a kojem jedino preostaje da poku\u0161a od mene napraviti njega samog. Izvini Ra\u0161ko \u0161to je ju\u010de palo 3 miliona \u0161vercovanih cigareta.<\/p>\n<p>Ruka pravde nikog ne \u0161tedi i jednaka je za sve.<\/p>\n<p>Dobro je \u0161to Ra\u0161ko zna \u010dije su cigare, mo\u017eda je zato i \u0107utao sve ovo vrijeme. Pametnome dosta.<\/p>\n<p>Tek je po\u010delo, a ve\u0107 je korito presu\u0161ilo.<\/p>\n<p>P. S. Ra\u0161ko, objavi fotografije sa svojim kolegama koje politi\u010dki \u0161titi\u0161. Bi\u0107e zanimljivo vidjeti koga si sve politi\u010dki \u0161titio, od Brajovi\u0107a, do Veljovi\u0107a i Mara\u0161\u201d, napisao je Abazovi\u0107 na svojoj tviter stranici.<\/p><\/blockquote>\n<p>&nbsp;<\/p>\n<blockquote class=\"wp-embedded-content\" data-secret=\"9PhjvmdRD9\"><p><a href=\"https:\/\/www.pcnen.com\/portal\/2022\/09\/08\/konjevic-dritan-je-tu-greskom-foto\/\">Konjevi\u0107: Dritan je tu, gre\u0161kom (foto)<\/a><\/p><\/blockquote>\n<p><iframe loading=\"lazy\" class=\"wp-embedded-content\" sandbox=\"allow-scripts\" security=\"restricted\" style=\"position: absolute; clip: rect(1px, 1px, 1px, 1px);\" title=\"&#8220;Konjevi\u0107: Dritan je tu, gre\u0161kom (foto)&#8221; &#8212; PCNEN\" src=\"https:\/\/www.pcnen.com\/portal\/2022\/09\/08\/konjevic-dritan-je-tu-greskom-foto\/embed\/#?secret=pYVtUR2V3o#?secret=9PhjvmdRD9\" data-secret=\"9PhjvmdRD9\" width=\"600\" height=\"338\" frameborder=\"0\" marginwidth=\"0\" marginheight=\"0\" scrolling=\"no\"><\/iframe><\/p>\n","protected":false},"excerpt":{"rendered":"<p>Crnogorski premijer Dritan Abazovi\u0107 je reagovao na tvit Ra\u0161ka Konjevi\u0107a, lidera Socijaldemokratske partije i ministra odbrane u njegovoj vladi kojoj je izglasano nepovjerenje, u kome je doveden u vezu sa vlasnikom ju\u010de zaplijenjenih cigareta.<\/p>\n","protected":false},"author":1,"featured_media":306121,"comment_status":"open","ping_status":"closed","sticky":false,"template":"","format":"standard","meta":{"_seopress_robots_primary_cat":"","_seopress_titles_title":"","_seopress_titles_desc":"","_seopress_robots_index":"","_et_pb_use_builder":"","_et_pb_old_content":"","_et_gb_content_width":"","inline_featured_image":false,"footnotes":""},"categories":[14],"tags":[],"class_list":["post-354711","post","type-post","status-publish","format-standard","has-post-thumbnail","hentry","category-vijesti"],"_links":{"self":[{"href":"https:\/\/www.pcnen.com\/portal\/wp-json\/wp\/v2\/posts\/354711","targetHints":{"allow":["GET"]}}],"collection":[{"href":"https:\/\/www.pcnen.com\/portal\/wp-json\/wp\/v2\/posts"}],"about":[{"href":"https:\/\/www.pcnen.com\/portal\/wp-json\/wp\/v2\/types\/post"}],"author":[{"embeddable":true,"href":"https:\/\/www.pcnen.com\/portal\/wp-json\/wp\/v2\/users\/1"}],"replies":[{"embeddable":true,"href":"https:\/\/www.pcnen.com\/portal\/wp-json\/wp\/v2\/comments?post=354711"}],"version-history":[{"count":2,"href":"https:\/\/www.pcnen.com\/portal\/wp-json\/wp\/v2\/posts\/354711\/revisions"}],"predecessor-version":[{"id":354713,"href":"https:\/\/www.pcnen.com\/portal\/wp-json\/wp\/v2\/posts\/354711\/revisions\/354713"}],"wp:featuredmedia":[{"embeddable":true,"href":"https:\/\/www.pcnen.com\/portal\/wp-json\/wp\/v2\/media\/306121"}],"wp:attachment":[{"href":"https:\/\/www.pcnen.com\/portal\/wp-json\/wp\/v2\/media?parent=354711"}],"wp:term":[{"taxonomy":"category","embeddable":true,"href":"https:\/\/www.pcnen.com\/portal\/wp-json\/wp\/v2\/categories?post=354711"},{"taxonomy":"post_tag","embeddable":true,"href":"https:\/\/www.pcnen.com\/portal\/wp-json\/wp\/v2\/tags?post=354711"}],"curies":[{"name":"wp","href":"https:\/\/api.w.org\/{rel}","templated":true}]}}