{"id":354678,"date":"2022-09-07T21:34:56","date_gmt":"2022-09-07T19:34:56","guid":{"rendered":"https:\/\/www.pcnen.com\/portal\/?p=354678"},"modified":"2022-09-07T21:34:56","modified_gmt":"2022-09-07T19:34:56","slug":"ponegdje-kisa-i-grmljavina-tokom-noci","status":"publish","type":"post","link":"https:\/\/www.pcnen.com\/portal\/2022\/09\/07\/ponegdje-kisa-i-grmljavina-tokom-noci\/","title":{"rendered":"Ponegdje ki\u0161a i grmljavina tokom no\u0107i"},"content":{"rendered":"<p>Krajem dana i tokom no\u0107i sti\u017ee naobla\u010denje, koje \u0107e prvo u ju\u017enim i zapadnim krajevima Crne Gore, prvenstveno tokom no\u0107i, ponegdje usloviti ki\u0161u ili pljusak i grmljavinu.<\/p>\n<p>Slab do umjeren vjetar sa juga \u0107e na sjeveru zemlje biti poja\u010dan, ponegdje na udare i jak.<\/p>\n<p>Jutarnja temperatura vazduha bi\u0107e u rasponu od 8 do 21, a najvi\u0161a dnevna od 22 do 33 stepena.<\/p>\n<p>U Podgorici bi\u0107e prete\u017eno sun\u010dano. U drugom dijelu dana sti\u017ee postepeno naobla\u010denje sa zapada, koje mo\u017ee usloviti ki\u0161u kasno tokom no\u0107i.<\/p>\n<p>Vjetar s juga bi\u0107e umjeren. Jutarnja temperatura vazduha bi\u0107e 20, a najvi\u0161a dnevna oko 32 stepena.<\/p>\n<p><a href=\"http:\/\/www.meteo.co.me\/page.php?id=31\" target=\"_blank\" rel=\"noopener\">Ra\u010dunarska prognoza.<\/a><\/p>\n","protected":false},"excerpt":{"rendered":"<p>Tokom dana bi\u0107e prete\u017eno sun\u010dano, a za popodnevne sate se najavljuje umjeren razvoj obla\u010dnosti i uglavnom suvo vrijeme.<\/p>\n","protected":false},"author":1,"featured_media":272974,"comment_status":"open","ping_status":"closed","sticky":false,"template":"","format":"standard","meta":{"_seopress_robots_primary_cat":"","_seopress_titles_title":"","_seopress_titles_desc":"","_seopress_robots_index":"","_et_pb_use_builder":"","_et_pb_old_content":"","_et_gb_content_width":"","inline_featured_image":false,"footnotes":""},"categories":[14],"tags":[],"class_list":["post-354678","post","type-post","status-publish","format-standard","has-post-thumbnail","hentry","category-vijesti"],"_links":{"self":[{"href":"https:\/\/www.pcnen.com\/portal\/wp-json\/wp\/v2\/posts\/354678","targetHints":{"allow":["GET"]}}],"collection":[{"href":"https:\/\/www.pcnen.com\/portal\/wp-json\/wp\/v2\/posts"}],"about":[{"href":"https:\/\/www.pcnen.com\/portal\/wp-json\/wp\/v2\/types\/post"}],"author":[{"embeddable":true,"href":"https:\/\/www.pcnen.com\/portal\/wp-json\/wp\/v2\/users\/1"}],"replies":[{"embeddable":true,"href":"https:\/\/www.pcnen.com\/portal\/wp-json\/wp\/v2\/comments?post=354678"}],"version-history":[{"count":1,"href":"https:\/\/www.pcnen.com\/portal\/wp-json\/wp\/v2\/posts\/354678\/revisions"}],"predecessor-version":[{"id":354679,"href":"https:\/\/www.pcnen.com\/portal\/wp-json\/wp\/v2\/posts\/354678\/revisions\/354679"}],"wp:featuredmedia":[{"embeddable":true,"href":"https:\/\/www.pcnen.com\/portal\/wp-json\/wp\/v2\/media\/272974"}],"wp:attachment":[{"href":"https:\/\/www.pcnen.com\/portal\/wp-json\/wp\/v2\/media?parent=354678"}],"wp:term":[{"taxonomy":"category","embeddable":true,"href":"https:\/\/www.pcnen.com\/portal\/wp-json\/wp\/v2\/categories?post=354678"},{"taxonomy":"post_tag","embeddable":true,"href":"https:\/\/www.pcnen.com\/portal\/wp-json\/wp\/v2\/tags?post=354678"}],"curies":[{"name":"wp","href":"https:\/\/api.w.org\/{rel}","templated":true}]}}