{"id":354672,"date":"2022-09-07T20:34:16","date_gmt":"2022-09-07T18:34:16","guid":{"rendered":"https:\/\/www.pcnen.com\/portal\/?p=354672"},"modified":"2022-09-07T20:45:48","modified_gmt":"2022-09-07T18:45:48","slug":"up-u-istraznom-zatvoru-nadeni-telefoni-sipke-bodezi-droga","status":"publish","type":"post","link":"https:\/\/www.pcnen.com\/portal\/2022\/09\/07\/up-u-istraznom-zatvoru-nadeni-telefoni-sipke-bodezi-droga\/","title":{"rendered":"UP: U Istra\u017enom zatvoru, na\u0111eni telefoni, \u0161ipke, bode\u017ei, droga"},"content":{"rendered":"<p>Prema zvani\u010dnom saop\u0161tenju, od 2. do 6.avgusta u Istra\u017enom zatvoru na\u0111eno je pet mobilnih telefona. Uz to, i odre\u0111ena operativna saznanja i informacije su ukazala da pojedina pritvorena lica posjeduju i koriste nedozvoljene stvari, pi\u0161e u saop\u0161tenju.<\/p>\n<p>Kako je saop\u0161teno iz Uprave za izvr\u0161enje krivi\u010dnih sankcija, tako dolazi i mo\u017ee do\u0107i do naru\u0161avanja bezbjednosti, kako ovih lica tako i zaposlenih u upravi.<\/p>\n<p>&#8220;Tako\u0111e, u ovoj pritvorskoj jedinici smje\u0161ten je ve\u0107i broj lica kojima je pritvor odre\u0111en zbog sumnje da su po\u010dinila krivi\u010dna djela iz oblasti organizovanog kriminala, a pojedina od njih ozna\u010dena su kao vo\u0111e ili \u010dlanovi suprotstavljenih kriminalnih grupa. Zbog navedenog, a u cilju o\u010duvanja bezbjednosti u zatvoru, od strane nadle\u017enih iz UIKS i Ministarstva pravde ocijenjeno je neophodnim da se 7.septembra sa po\u010detkom u 15.30 \u010dasova izvr\u0161i op\u0161ti pretres pritvorenih lica, njihovih stvari i prostorija u kojima borave&#8221;, navedeno je u saop\u0161tenju.<\/p>\n<p>Kako se isti\u010de, pretres su izvr\u0161ili slu\u017ebenici obezbje\u0111enja iz svih organizacionih jedinica UIKS.<\/p>\n<p>&#8220;U cilju obezbje\u0111ivanja uslova neophodnih za nesmetano vr\u0161enje pretresa, bilo je obezbije\u0111eno i prisustvo pove\u0107anog broja slu\u017ebenika obezbje\u0111enja Istra\u017enog zatvora Podgorica, kao i prisustvo dva ljekara i ve\u0107eg broja medicinskih tehni\u010dara. Tako\u0111e, u slu\u010daju pojave incidentn ih situacija, tokom vr\u0161enja pretresa bile su planirani i obezbije\u0111eni uslovi za vr\u0161enje drugih mjera i radnji, a sve u cilju odr\u017eavanja reda i discipline&#8221;, navodi se u saop\u0161tenju.<\/p>\n<p>Isti\u010du da je u cilju prevencije te\u017eih oblika naru\u0161avanja reda i bezbjednosti i pru\u017eanja asistencije u slu\u010daju potrebe tokom vr\u0161enja pretresa u Istra\u017enom zatvoru bio prisutan i odre\u0111eni broj slu\u017ebenika Uprave policije &#8211; Sektora za posebne namjene.<\/p>\n<p>&#8220;Prilikom obavljanja radnje pretresa, slu\u017ebenici su postupali krajnje profesionalno i odgovorno, na na\u010din na koji se ne ugro\u017eavaju osnovna ljudska prava pritvorenih lica i obezbje\u0111uje po\u0161tovanje njihovog ljudskog dostojanstva. Tokom pretresa kod pritvorenih lica na\u0111eno je devet mobilnih telefona, dva portabla, jedan modem za internet, odre\u0111en broj \u0161ipki i bode\u017ea, punja\u010da i USB kablova, tri zamotuljka pra\u0161kaste materije bijele i braon boje, ve\u0107a koli\u010dina tableta i improvizovane boce &#8211; tegovi napunjene materijom za koju se sumnja da je kuhinjska so. O svim na\u0111enim i oduzetim nedozvoljenim predmetima, a koji mogu biti interesantni u dijelu otkrivanja odre\u0111enih kriminalnih djelatnosti, bi\u0107e informisane nadle\u017ene institucije u cilju preduzimanja mjera i radnji iz svoje nale\u017enosti. U UIKS \u0107e i u narednom periodu biti preduzmane kontinuirane mjere i radnje iz nadle\u017enosti ovog organa u cilju o\u010duvanja reda i bezbjednosti svih lica koja se po bilo kom osnovu nalaze u upravi&#8221;, pi\u0161e u saop\u0161tenju.<\/p>\n<p>Po na\u0161im saznanjima, u\u00a0\u0107eliji u kojoj je Milo\u0161 Medenica, sin uhap\u0161ene biv\u0161e predsjednice Vrhovnog suda Vesne Medenice, u toku akcije na\u0111eno je nekoliko telefona.<\/p>\n","protected":false},"excerpt":{"rendered":"<p>Policija je obavila pretres u Istra\u017enom zatvoru u Spu\u017eu, s obzirom na informacije da dio zatvorenika nelegalno koristi mobilne telefone, saop\u0161teno je iz\u00a0 UIKS-a.<\/p>\n","protected":false},"author":1,"featured_media":330203,"comment_status":"open","ping_status":"closed","sticky":false,"template":"","format":"standard","meta":{"_seopress_robots_primary_cat":"","_seopress_titles_title":"","_seopress_titles_desc":"","_seopress_robots_index":"","_et_pb_use_builder":"","_et_pb_old_content":"","_et_gb_content_width":"","inline_featured_image":false,"footnotes":""},"categories":[14],"tags":[],"class_list":["post-354672","post","type-post","status-publish","format-standard","has-post-thumbnail","hentry","category-vijesti"],"_links":{"self":[{"href":"https:\/\/www.pcnen.com\/portal\/wp-json\/wp\/v2\/posts\/354672","targetHints":{"allow":["GET"]}}],"collection":[{"href":"https:\/\/www.pcnen.com\/portal\/wp-json\/wp\/v2\/posts"}],"about":[{"href":"https:\/\/www.pcnen.com\/portal\/wp-json\/wp\/v2\/types\/post"}],"author":[{"embeddable":true,"href":"https:\/\/www.pcnen.com\/portal\/wp-json\/wp\/v2\/users\/1"}],"replies":[{"embeddable":true,"href":"https:\/\/www.pcnen.com\/portal\/wp-json\/wp\/v2\/comments?post=354672"}],"version-history":[{"count":5,"href":"https:\/\/www.pcnen.com\/portal\/wp-json\/wp\/v2\/posts\/354672\/revisions"}],"predecessor-version":[{"id":354677,"href":"https:\/\/www.pcnen.com\/portal\/wp-json\/wp\/v2\/posts\/354672\/revisions\/354677"}],"wp:featuredmedia":[{"embeddable":true,"href":"https:\/\/www.pcnen.com\/portal\/wp-json\/wp\/v2\/media\/330203"}],"wp:attachment":[{"href":"https:\/\/www.pcnen.com\/portal\/wp-json\/wp\/v2\/media?parent=354672"}],"wp:term":[{"taxonomy":"category","embeddable":true,"href":"https:\/\/www.pcnen.com\/portal\/wp-json\/wp\/v2\/categories?post=354672"},{"taxonomy":"post_tag","embeddable":true,"href":"https:\/\/www.pcnen.com\/portal\/wp-json\/wp\/v2\/tags?post=354672"}],"curies":[{"name":"wp","href":"https:\/\/api.w.org\/{rel}","templated":true}]}}