{"id":354657,"date":"2022-09-07T15:13:54","date_gmt":"2022-09-07T13:13:54","guid":{"rendered":"https:\/\/www.pcnen.com\/portal\/?p=354657"},"modified":"2022-09-07T15:17:20","modified_gmt":"2022-09-07T13:17:20","slug":"ijz-nema-preminulih-154-novooboljele-osobe","status":"publish","type":"post","link":"https:\/\/www.pcnen.com\/portal\/2022\/09\/07\/ijz-nema-preminulih-154-novooboljele-osobe\/","title":{"rendered":"IJZ: Nema preminulih, 154 novooboljele osobe"},"content":{"rendered":"<p>Ukupno je dijagnostikovano 154 novopozitivnih<a href=\"#_ftn1\" name=\"_ftnref1\">[1]<\/a> slu\u010dajeva infekcije SARS-CoV-2.<\/p>\n<p>Distribucija novopozitivnih slu\u010dajeva infekcije SARS-CoV-2 po op\u0161tinama:<\/p>\n<table style=\"height: 602px;\" width=\"389\">\n<tbody>\n<tr>\n<td><strong>Op\u0161tina <\/strong><\/td>\n<td><strong>Novopozitivni slu\u010dajevi<br \/>\n<\/strong><\/td>\n<\/tr>\n<tr>\n<td>Podgorica<\/td>\n<td>53<\/td>\n<\/tr>\n<tr>\n<td>Nik\u0161i\u0107<\/td>\n<td>29<\/td>\n<\/tr>\n<tr>\n<td>Bar<\/td>\n<td>15<\/td>\n<\/tr>\n<tr>\n<td>Budva<\/td>\n<td>11<\/td>\n<\/tr>\n<tr>\n<td>Kotor<\/td>\n<td>9<\/td>\n<\/tr>\n<tr>\n<td>Bijelo Polje<\/td>\n<td>6<\/td>\n<\/tr>\n<tr>\n<td>Cetinje<\/td>\n<td>5<\/td>\n<\/tr>\n<tr>\n<td>Tivat<\/td>\n<td>5<\/td>\n<\/tr>\n<tr>\n<td>Kola\u0161in<\/td>\n<td>4<\/td>\n<\/tr>\n<tr>\n<td>Herceg Novi<\/td>\n<td>3<\/td>\n<\/tr>\n<tr>\n<td>Berane<\/td>\n<td>2<\/td>\n<\/tr>\n<tr>\n<td>Danilovgrad<\/td>\n<td>2<\/td>\n<\/tr>\n<tr>\n<td>Plav<\/td>\n<td>2<\/td>\n<\/tr>\n<tr>\n<td>Pljevlja<\/td>\n<td>2<\/td>\n<\/tr>\n<tr>\n<td>Tuzi<\/td>\n<td>2<\/td>\n<\/tr>\n<tr>\n<td>Ulcinj<\/td>\n<td>2<\/td>\n<\/tr>\n<tr>\n<td>Andrijevica<\/td>\n<td>1<\/td>\n<\/tr>\n<tr>\n<td>\u0160avnik<\/td>\n<td>1<\/td>\n<\/tr>\n<tr>\n<td><strong>UKUPNO<\/strong><\/td>\n<td><strong>154<\/strong><\/td>\n<\/tr>\n<\/tbody>\n<\/table>\n<p>Udio pozitivnih slu\u010dajeva u ukupnom broju testiranih dana 06.09.2022. godine iznosio je 14, 69%.<\/p>\n<p>Od prethodnog saop\u0161tenja, IJZCG nijesu prijavljeni smrtni slu\u010dajevi povezani sa SARS-CoV-2 infekcijom.<\/p>\n<p><strong>Ukupan broj preminulih povezanih sa COVID-19 infekcijom u Crnoj Gori od po\u010detka pandemije je\u00a0<\/strong><strong>2.778.<\/strong><\/p>\n<p><strong>Do 15:00 \u010dasova prijavljen je oporavak kod 203 pacijenata.<\/strong><\/p>\n<p>Uzimaju\u0107i u obzir sve novootkrivene slu\u010dajeve kao i broj oporavljenih, ukupan broj trenutno aktivnih slu\u010dajeva COVID-19 u Crnoj Gori iznosi <strong>1.306.<\/strong><\/p>\n<p>Od po\u010detka epidemijskih de\u0161avanja (mart 2020. godine) ukupan broj registrovanih slu\u010dajeva infekcije novim korona virusom u Crnoj Gori je <strong>276.790.<\/strong><\/p>\n<p>Trenutno aktivni slu\u010dajevi po op\u0161tinama* prikazani su u narednoj tabeli, raspore\u0111eni prema<\/p>\n<p>opadaju\u0107em redosljedu:<\/p>\n<table style=\"height: 777px;\" width=\"342\">\n<tbody>\n<tr>\n<td><strong>op\u0161tina<\/strong><\/td>\n<td><strong>aktivni slu\u010dajevi<\/strong><\/td>\n<\/tr>\n<tr>\n<td>Podgorica<\/td>\n<td>502<\/td>\n<\/tr>\n<tr>\n<td>Nik\u0161i\u0107<\/td>\n<td>190<\/td>\n<\/tr>\n<tr>\n<td>Bar<\/td>\n<td>114<\/td>\n<\/tr>\n<tr>\n<td>Budva<\/td>\n<td>83<\/td>\n<\/tr>\n<tr>\n<td>Herceg Novi<\/td>\n<td>59<\/td>\n<\/tr>\n<tr>\n<td>Kotor<\/td>\n<td>50<\/td>\n<\/tr>\n<tr>\n<td>Tivat<\/td>\n<td>49<\/td>\n<\/tr>\n<tr>\n<td>Bijelo Polje<\/td>\n<td>37<\/td>\n<\/tr>\n<tr>\n<td>Danilovgrad<\/td>\n<td>37<\/td>\n<\/tr>\n<tr>\n<td>Berane<\/td>\n<td>35<\/td>\n<\/tr>\n<tr>\n<td>Cetinje<\/td>\n<td>34<\/td>\n<\/tr>\n<tr>\n<td>Ulcinj<\/td>\n<td>23<\/td>\n<\/tr>\n<tr>\n<td>Pljevlja<\/td>\n<td>21<\/td>\n<\/tr>\n<tr>\n<td>Kola\u0161in<\/td>\n<td>18<\/td>\n<\/tr>\n<tr>\n<td>Tuzi<\/td>\n<td>14<\/td>\n<\/tr>\n<tr>\n<td>Andrijevica<\/td>\n<td>11<\/td>\n<\/tr>\n<tr>\n<td>Mojkovac<\/td>\n<td>11<\/td>\n<\/tr>\n<tr>\n<td>Ro\u017eaje<\/td>\n<td>8<\/td>\n<\/tr>\n<tr>\n<td>\u0160avnik<\/td>\n<td>3<\/td>\n<\/tr>\n<tr>\n<td>Petnjica<\/td>\n<td>2<\/td>\n<\/tr>\n<tr>\n<td>Plav<\/td>\n<td>2<\/td>\n<\/tr>\n<tr>\n<td>\u017dabljak<\/td>\n<td>2<\/td>\n<\/tr>\n<tr>\n<td>Plu\u017eine<\/td>\n<td>1<\/td>\n<\/tr>\n<tr>\n<td>Gusinje<\/td>\n<td>0<\/td>\n<\/tr>\n<tr>\n<td><strong>Crna Gora <\/strong><\/td>\n<td><strong>1306<\/strong><\/td>\n<\/tr>\n<\/tbody>\n<\/table>\n<p>&nbsp;<\/p>\n<p><strong>Metodolo\u0161ke napomene:<\/strong><\/p>\n<p>*) prikaz oboljelih po op\u0161tinama je podlo\u017ean promjeni nakon dobijanja dodatnih podataka iz epidemiolo\u0161kih istra\u017eivanja i prikupljanja podataka sa terena. Inicijalne prijave koje pristi\u017eu u Institut obra\u0111uju se po uputnoj zdravstvenoj ustanovi koja \u010desto pokriva teritoriju vi\u0161e op\u0161tina te inicijalne klasifikacije po op\u0161tinama \u010desto ne odra\u017eavaju pravo stanje na terenu u trenutku objavljivanja.<\/p>\n<p><a href=\"#_ftnref1\" name=\"_ftn1\">[1]<\/a> Broj predstavlja sve slu\u010dajeve infekcije otkrivene kori\u0161\u0107enjem PCR testova i brzih antigenskih testova koji su prijavljeni Institutu za javno zdravlje Crne Gore<\/p>\n","protected":false},"excerpt":{"rendered":"<p>Laboratorije Instituta za javno zdravlje Crne Gore (IJZCG), druge javne i privatne laboratorije koje se bave dijagnostikom infekcije novog koronavirusa su tokom ju\u010dera\u0161njeg dana (utorak, 06.09.2022. godine) zavr\u0161ile analizu i IJZCG dostavile rezultate za 1.048 uzoraka na novi koronavirus.<\/p>\n","protected":false},"author":1,"featured_media":305743,"comment_status":"open","ping_status":"closed","sticky":false,"template":"","format":"standard","meta":{"_seopress_robots_primary_cat":"","_seopress_titles_title":"","_seopress_titles_desc":"","_seopress_robots_index":"","_et_pb_use_builder":"","_et_pb_old_content":"","_et_gb_content_width":"","inline_featured_image":false,"footnotes":""},"categories":[14],"tags":[],"class_list":["post-354657","post","type-post","status-publish","format-standard","has-post-thumbnail","hentry","category-vijesti"],"_links":{"self":[{"href":"https:\/\/www.pcnen.com\/portal\/wp-json\/wp\/v2\/posts\/354657","targetHints":{"allow":["GET"]}}],"collection":[{"href":"https:\/\/www.pcnen.com\/portal\/wp-json\/wp\/v2\/posts"}],"about":[{"href":"https:\/\/www.pcnen.com\/portal\/wp-json\/wp\/v2\/types\/post"}],"author":[{"embeddable":true,"href":"https:\/\/www.pcnen.com\/portal\/wp-json\/wp\/v2\/users\/1"}],"replies":[{"embeddable":true,"href":"https:\/\/www.pcnen.com\/portal\/wp-json\/wp\/v2\/comments?post=354657"}],"version-history":[{"count":5,"href":"https:\/\/www.pcnen.com\/portal\/wp-json\/wp\/v2\/posts\/354657\/revisions"}],"predecessor-version":[{"id":354662,"href":"https:\/\/www.pcnen.com\/portal\/wp-json\/wp\/v2\/posts\/354657\/revisions\/354662"}],"wp:featuredmedia":[{"embeddable":true,"href":"https:\/\/www.pcnen.com\/portal\/wp-json\/wp\/v2\/media\/305743"}],"wp:attachment":[{"href":"https:\/\/www.pcnen.com\/portal\/wp-json\/wp\/v2\/media?parent=354657"}],"wp:term":[{"taxonomy":"category","embeddable":true,"href":"https:\/\/www.pcnen.com\/portal\/wp-json\/wp\/v2\/categories?post=354657"},{"taxonomy":"post_tag","embeddable":true,"href":"https:\/\/www.pcnen.com\/portal\/wp-json\/wp\/v2\/tags?post=354657"}],"curies":[{"name":"wp","href":"https:\/\/api.w.org\/{rel}","templated":true}]}}