{"id":354655,"date":"2022-09-07T14:16:04","date_gmt":"2022-09-07T12:16:04","guid":{"rendered":"https:\/\/www.pcnen.com\/portal\/?p=354655"},"modified":"2022-09-07T14:16:04","modified_gmt":"2022-09-07T12:16:04","slug":"mc-vlada-da-ubrza-izmjene-medijskih-zakona-i-ispuni-svoje-eu-obaveze","status":"publish","type":"post","link":"https:\/\/www.pcnen.com\/portal\/2022\/09\/07\/mc-vlada-da-ubrza-izmjene-medijskih-zakona-i-ispuni-svoje-eu-obaveze\/","title":{"rendered":"MC: Vlada da ubrza izmjene medijskih zakona i ispuni svoje EU obaveze"},"content":{"rendered":"<p>\u201cMinistarstvo kulture i medija je jo\u0161 u mandatu prethodne Vlade formiralo radnu grupu za izradu medijskih zakona. Nakon vi\u0161e od \u0161est mjeseci rada, radna grupa je zavr\u0161ila svoj posao jo\u0161 prije dva mjeseca a Ministartvo kulture i medija je bilo u obavezi da finalizuje tekstove tri medijska zakona i stavi ih na javnu raspravu, kako bi nakon tog procesa bili dostavljeni Skup\u0161tni na usvajanje. Ukoliko se hitno medijski zakoni ne stave na javnu raspravu do\u0107i \u0107e do nepo\u0161tovanja Programa rada Vlade jer je izmjena medijskih zakona planirana za tre\u0107i kvartal ove godine. Tako\u0111e, ukoliko se odmah ne nastavi proces izmjena medijskih zakona do\u0107i \u0107e i do kr\u0161enja akcionog plana za ispunjavanje obaveza Crne Gore u procesu integracije u Evropsku uniju. Kako je Vlada proklamovala ubrzanje EU integracije kao jedan od prioriteta u svom radu, o\u010dekujemo da predsjednik i potpredsjednica Vlade ostanu dosljedni u ispunjavanju tog cilja\u201d, pi\u0161e u <a href=\"https:\/\/www.facebook.com\/mediacentarcg\" target=\"_blank\" rel=\"noopener\">saop\u0161tenju MC koje je potpisao njegov direktor Goran \u0110urovi\u0107.<\/a><\/p>\n","protected":false},"excerpt":{"rendered":"<p>Media centar (MC) je uputio danas zahtjeve predsjedniku i potpredsjednici Vlade Crne Gore, Dritanu Abazovi\u0107u i Jovani Marovi\u0107 da ubrzaju proces izmjena medijskih zakona koji su u pripremi ve\u0107 du\u017ee od osam mjeseci.<\/p>\n","protected":false},"author":1,"featured_media":343274,"comment_status":"open","ping_status":"closed","sticky":false,"template":"","format":"standard","meta":{"_seopress_robots_primary_cat":"","_seopress_titles_title":"","_seopress_titles_desc":"","_seopress_robots_index":"","_et_pb_use_builder":"","_et_pb_old_content":"","_et_gb_content_width":"","inline_featured_image":false,"footnotes":""},"categories":[14],"tags":[1099,2343],"class_list":["post-354655","post","type-post","status-publish","format-standard","has-post-thumbnail","hentry","category-vijesti","tag-media-centar","tag-medijski-zakoni"],"_links":{"self":[{"href":"https:\/\/www.pcnen.com\/portal\/wp-json\/wp\/v2\/posts\/354655","targetHints":{"allow":["GET"]}}],"collection":[{"href":"https:\/\/www.pcnen.com\/portal\/wp-json\/wp\/v2\/posts"}],"about":[{"href":"https:\/\/www.pcnen.com\/portal\/wp-json\/wp\/v2\/types\/post"}],"author":[{"embeddable":true,"href":"https:\/\/www.pcnen.com\/portal\/wp-json\/wp\/v2\/users\/1"}],"replies":[{"embeddable":true,"href":"https:\/\/www.pcnen.com\/portal\/wp-json\/wp\/v2\/comments?post=354655"}],"version-history":[{"count":1,"href":"https:\/\/www.pcnen.com\/portal\/wp-json\/wp\/v2\/posts\/354655\/revisions"}],"predecessor-version":[{"id":354656,"href":"https:\/\/www.pcnen.com\/portal\/wp-json\/wp\/v2\/posts\/354655\/revisions\/354656"}],"wp:featuredmedia":[{"embeddable":true,"href":"https:\/\/www.pcnen.com\/portal\/wp-json\/wp\/v2\/media\/343274"}],"wp:attachment":[{"href":"https:\/\/www.pcnen.com\/portal\/wp-json\/wp\/v2\/media?parent=354655"}],"wp:term":[{"taxonomy":"category","embeddable":true,"href":"https:\/\/www.pcnen.com\/portal\/wp-json\/wp\/v2\/categories?post=354655"},{"taxonomy":"post_tag","embeddable":true,"href":"https:\/\/www.pcnen.com\/portal\/wp-json\/wp\/v2\/tags?post=354655"}],"curies":[{"name":"wp","href":"https:\/\/api.w.org\/{rel}","templated":true}]}}