{"id":354653,"date":"2022-09-07T13:18:53","date_gmt":"2022-09-07T11:18:53","guid":{"rendered":"https:\/\/www.pcnen.com\/portal\/?p=354653"},"modified":"2022-09-07T13:18:53","modified_gmt":"2022-09-07T11:18:53","slug":"press-direktor-anb-imao-laksi-saobracajni-udes-koji-nije-prijavljen-policiji","status":"publish","type":"post","link":"https:\/\/www.pcnen.com\/portal\/2022\/09\/07\/press-direktor-anb-imao-laksi-saobracajni-udes-koji-nije-prijavljen-policiji\/","title":{"rendered":"PRESS: Direktor ANB imao lak\u0161i saobra\u0107ajni udes koji nije prijavljen policiji"},"content":{"rendered":"<p>Ovaj portal navodi da je kontaktirao Operativno komunikacioni centar (OKC) Uprave policije iz kojeg je saop\u0161teno da oni nemaju podatak da se dogodio ovaj udes.<\/p>\n<p>Fotografije sa lica mjesta ipak pokazuju suprotno,odnosno da je do\u0161lo do kontakta izme\u0111u dva automobila na kojima je pri\u010dinjena manja materijalna \u0161teta. Na licu mjesta vi\u0111eni su Kentera i jedan od funkcionera ANB-a Drago Spi\u010danovi\u0107, <a href=\"https:\/\/press.co.me\/u-podgorici-vozilo-anb-a-ucestvovalo-u-udesu\/\" target=\"_blank\" rel=\"noopener\">pi\u0161e PRESS.<\/a><\/p>\n","protected":false},"excerpt":{"rendered":"<p>Direktor Agencije za nacionalnu bezbjednost (ANB) Savo Kentera je u\u010destvovao svojim d\u017eipom registarskih tablica \u2013 PG JP 038 u udesu koji se jutros oko 9 sati i 20 minuta dogodio u ulici Svetozara Markovi\u0107a u Podgorici, objavio je portal PRESS.<\/p>\n","protected":false},"author":1,"featured_media":344727,"comment_status":"open","ping_status":"closed","sticky":false,"template":"","format":"standard","meta":{"_seopress_robots_primary_cat":"","_seopress_titles_title":"","_seopress_titles_desc":"","_seopress_robots_index":"","_et_pb_use_builder":"","_et_pb_old_content":"","_et_gb_content_width":"","inline_featured_image":false,"footnotes":""},"categories":[14],"tags":[],"class_list":["post-354653","post","type-post","status-publish","format-standard","has-post-thumbnail","hentry","category-vijesti"],"_links":{"self":[{"href":"https:\/\/www.pcnen.com\/portal\/wp-json\/wp\/v2\/posts\/354653","targetHints":{"allow":["GET"]}}],"collection":[{"href":"https:\/\/www.pcnen.com\/portal\/wp-json\/wp\/v2\/posts"}],"about":[{"href":"https:\/\/www.pcnen.com\/portal\/wp-json\/wp\/v2\/types\/post"}],"author":[{"embeddable":true,"href":"https:\/\/www.pcnen.com\/portal\/wp-json\/wp\/v2\/users\/1"}],"replies":[{"embeddable":true,"href":"https:\/\/www.pcnen.com\/portal\/wp-json\/wp\/v2\/comments?post=354653"}],"version-history":[{"count":1,"href":"https:\/\/www.pcnen.com\/portal\/wp-json\/wp\/v2\/posts\/354653\/revisions"}],"predecessor-version":[{"id":354654,"href":"https:\/\/www.pcnen.com\/portal\/wp-json\/wp\/v2\/posts\/354653\/revisions\/354654"}],"wp:featuredmedia":[{"embeddable":true,"href":"https:\/\/www.pcnen.com\/portal\/wp-json\/wp\/v2\/media\/344727"}],"wp:attachment":[{"href":"https:\/\/www.pcnen.com\/portal\/wp-json\/wp\/v2\/media?parent=354653"}],"wp:term":[{"taxonomy":"category","embeddable":true,"href":"https:\/\/www.pcnen.com\/portal\/wp-json\/wp\/v2\/categories?post=354653"},{"taxonomy":"post_tag","embeddable":true,"href":"https:\/\/www.pcnen.com\/portal\/wp-json\/wp\/v2\/tags?post=354653"}],"curies":[{"name":"wp","href":"https:\/\/api.w.org\/{rel}","templated":true}]}}