{"id":354649,"date":"2022-09-07T12:15:27","date_gmt":"2022-09-07T10:15:27","guid":{"rendered":"https:\/\/www.pcnen.com\/portal\/?p=354649"},"modified":"2022-09-07T12:15:27","modified_gmt":"2022-09-07T10:15:27","slug":"bijela-kuca-nece-oznaciti-rusiju-kao-drzavnog-sponzora-terorizma","status":"publish","type":"post","link":"https:\/\/www.pcnen.com\/portal\/2022\/09\/07\/bijela-kuca-nece-oznaciti-rusiju-kao-drzavnog-sponzora-terorizma\/","title":{"rendered":"Bijela ku\u0107a ne\u0107e ozna\u010diti Rusiju kao dr\u017eavnog sponzora terorizma"},"content":{"rendered":"<p>Portparolka Bijele ku\u0107e Karine Jean-Pierre je rekla da progla\u0161enje terorizma &#8220;nije najefikasniji niti najja\u010di put naprijed&#8221; da se Rusija smatra odgovornom za njenu teku\u0107u invaziju punog razmjera na Ukrajinu.<\/p>\n<p>&#8220;To bi tako\u0111e potkopalo na\u0161u multilateralnu (koaliciju) bez presedana koja je bila toliko efikasna da pozove Putina na odgovornost, a tako\u0111e bi mogla da ugrozi na\u0161u sposobnost da podr\u017eimo Ukrajinu u pregovorima&#8221;, rekla je ona novinarima na brifingu 6. Septembra, prenosi RSE.<\/p>\n<p>SAD su ozna\u010dile \u010detiri zemlje (Iran, Siriju, Sjevernu Koreju i Kubu) kao dr\u017eavne sponzore terorizma.<\/p>\n","protected":false},"excerpt":{"rendered":"<p>Bijela ku\u0107a je saop\u0161tila da bi bilo kontraproduktivno ozna\u010diti Rusiju kao dr\u017eavnog sponzora terorizma, odbijaju\u0107i pozive Ukrajine i nekih ameri\u010dkih zakonodavaca da preduzmu taj korak.<\/p>\n","protected":false},"author":1,"featured_media":0,"comment_status":"open","ping_status":"closed","sticky":false,"template":"","format":"standard","meta":{"_seopress_robots_primary_cat":"","_seopress_titles_title":"","_seopress_titles_desc":"","_seopress_robots_index":"","_et_pb_use_builder":"","_et_pb_old_content":"","_et_gb_content_width":"","inline_featured_image":false,"footnotes":""},"categories":[14],"tags":[2340,2341],"class_list":["post-354649","post","type-post","status-publish","format-standard","hentry","category-vijesti","tag-bijela-kuca","tag-sponzor-terorizma"],"_links":{"self":[{"href":"https:\/\/www.pcnen.com\/portal\/wp-json\/wp\/v2\/posts\/354649","targetHints":{"allow":["GET"]}}],"collection":[{"href":"https:\/\/www.pcnen.com\/portal\/wp-json\/wp\/v2\/posts"}],"about":[{"href":"https:\/\/www.pcnen.com\/portal\/wp-json\/wp\/v2\/types\/post"}],"author":[{"embeddable":true,"href":"https:\/\/www.pcnen.com\/portal\/wp-json\/wp\/v2\/users\/1"}],"replies":[{"embeddable":true,"href":"https:\/\/www.pcnen.com\/portal\/wp-json\/wp\/v2\/comments?post=354649"}],"version-history":[{"count":1,"href":"https:\/\/www.pcnen.com\/portal\/wp-json\/wp\/v2\/posts\/354649\/revisions"}],"predecessor-version":[{"id":354650,"href":"https:\/\/www.pcnen.com\/portal\/wp-json\/wp\/v2\/posts\/354649\/revisions\/354650"}],"wp:attachment":[{"href":"https:\/\/www.pcnen.com\/portal\/wp-json\/wp\/v2\/media?parent=354649"}],"wp:term":[{"taxonomy":"category","embeddable":true,"href":"https:\/\/www.pcnen.com\/portal\/wp-json\/wp\/v2\/categories?post=354649"},{"taxonomy":"post_tag","embeddable":true,"href":"https:\/\/www.pcnen.com\/portal\/wp-json\/wp\/v2\/tags?post=354649"}],"curies":[{"name":"wp","href":"https:\/\/api.w.org\/{rel}","templated":true}]}}