{"id":354644,"date":"2022-09-07T11:16:58","date_gmt":"2022-09-07T09:16:58","guid":{"rendered":"https:\/\/www.pcnen.com\/portal\/?p=354644"},"modified":"2022-09-07T11:58:21","modified_gmt":"2022-09-07T09:58:21","slug":"abazovic-kad-je-dukanovic-vodio-vladu-ubijali-su-se-i-tukli-novinari","status":"publish","type":"post","link":"https:\/\/www.pcnen.com\/portal\/2022\/09\/07\/abazovic-kad-je-dukanovic-vodio-vladu-ubijali-su-se-i-tukli-novinari\/","title":{"rendered":"Abazovi\u0107: Kad je \u0110ukanovi\u0107 vodio Vladu, ubijali su se i tukli novinari"},"content":{"rendered":"<p>Upitan da prokomentari\u0161e izjavu \u0110ukanovi\u0107a koji se gostuju\u0107i u jednoj televizijskoj emisiji saglasio sa ocjenom voditeljke da je 43. Vlada sa &#8220;najve\u0107im brojem etiketiranja i najbrutalnijih napada na slobodu govora i na medije&#8221;.<\/p>\n<p>&#8220;Nikada ne\u0107u re\u0107i bilo kakav podsticaj na nasilje. Ne mogu da pre\u0107utim ne\u0161to \u0161to je poziv na ekstremizam, izlive mr\u017enje u Crnoj Gori. Po\u0161tujem pravo da pi\u0161ete, ali to pravo koje tra\u017eite dajte i drugima. Poku\u0161avaju nas da prika\u017eu isto kao sebe. Znaju da su i sami kriminalizovani, pa hajde sve da ih kriminalizujemo&#8221;, kazao je Abazovi\u0107.<\/p>\n<p>Poru\u010dio je da \u010dlanovi DPS-a ve\u0107 odgovaraju i da nisu svi isti, a da bi bilo dobro da u nekoj Crnoj Gori odgovara i \u0110ukanovi\u0107, prenosi portal Vijesti.<\/p>\n<p>&#8220;I on li\u010dno da odgovara, politi\u010dku odgovornost svakako nosi, ali nisam siguran da nosi samo politi\u010dku. Neka to utvr\u0111uju dr\u017eavni organi&#8221;, istakao je premijer.<\/p>\n<p>&#8220;\u0160verc cigarete se nije pojavio krajem 2020. godine. \u0160to ga nisu suzbili kad je bio Du\u0161ko Markovic, Ra\u0161ko Konjevi\u0107, Igor Luk\u0161i\u0107, Milo \u0110ukanovi\u0107, Filip Vujanovi\u0107? Taj \u0161verc je finansirao izborne kampanje. Da bi takvi ljudi dobili izbore treba da kupe ljude&#8221;, kazao je Abazovi\u0107.<\/p>\n<p>&#8220;Previ\u0161e pa\u017enje dajemo medijima koji su nastali, koje finansira organizovani kriminal. Za\u0161to ne postoji danas portal Udar? Kako sad pred podgori\u010dke izbore se pojavio novi portal?&#8221;, upitao je on.<\/p>\n<p>Abazovi\u0107 smatra su &#8220;odre\u0111ene strukture imale dogovor sa DPS-om koji nisu mogle da ispo\u0161tuju do kraja, ali smatram da su ga imale i da tra\u017ee sada neki izgovor da bi im nekako uradili ne\u0161to \u0161to su im obe\u0107ali&#8221;.<\/p>\n<blockquote class=\"wp-embedded-content\" data-secret=\"afFmmZd3CP\"><p><a href=\"https:\/\/www.pcnen.com\/portal\/2022\/09\/07\/abazovic-u-baru-nakon-zapljene-cigareta-uzivo\/\">Abazovi\u0107 u Baru nakon zapljene cigareta (u\u017eivo)<\/a><\/p><\/blockquote>\n<p><iframe loading=\"lazy\" class=\"wp-embedded-content\" sandbox=\"allow-scripts\" security=\"restricted\" style=\"position: absolute; clip: rect(1px, 1px, 1px, 1px);\" title=\"&#8220;Abazovi\u0107 u Baru nakon zapljene cigareta (u\u017eivo)&#8221; &#8212; PCNEN\" src=\"https:\/\/www.pcnen.com\/portal\/2022\/09\/07\/abazovic-u-baru-nakon-zapljene-cigareta-uzivo\/embed\/#?secret=vMMmiE2D8J#?secret=afFmmZd3CP\" data-secret=\"afFmmZd3CP\" width=\"600\" height=\"338\" frameborder=\"0\" marginwidth=\"0\" marginheight=\"0\" scrolling=\"no\"><\/iframe><\/p>\n","protected":false},"excerpt":{"rendered":"<p>Kad je predsjednik dr\u017eave Milo \u0110ukanovi\u0107 vodio Vladu, ubijali su se i tukli novinari, bacale su se bombe na redakcije,, rekao je premijer Dritan Abazovi\u0107 u Baru.<\/p>\n","protected":false},"author":1,"featured_media":338330,"comment_status":"open","ping_status":"closed","sticky":false,"template":"","format":"standard","meta":{"_seopress_robots_primary_cat":"","_seopress_titles_title":"","_seopress_titles_desc":"","_seopress_robots_index":"","_et_pb_use_builder":"","_et_pb_old_content":"","_et_gb_content_width":"","inline_featured_image":false,"footnotes":""},"categories":[14],"tags":[],"class_list":["post-354644","post","type-post","status-publish","format-standard","has-post-thumbnail","hentry","category-vijesti"],"_links":{"self":[{"href":"https:\/\/www.pcnen.com\/portal\/wp-json\/wp\/v2\/posts\/354644","targetHints":{"allow":["GET"]}}],"collection":[{"href":"https:\/\/www.pcnen.com\/portal\/wp-json\/wp\/v2\/posts"}],"about":[{"href":"https:\/\/www.pcnen.com\/portal\/wp-json\/wp\/v2\/types\/post"}],"author":[{"embeddable":true,"href":"https:\/\/www.pcnen.com\/portal\/wp-json\/wp\/v2\/users\/1"}],"replies":[{"embeddable":true,"href":"https:\/\/www.pcnen.com\/portal\/wp-json\/wp\/v2\/comments?post=354644"}],"version-history":[{"count":3,"href":"https:\/\/www.pcnen.com\/portal\/wp-json\/wp\/v2\/posts\/354644\/revisions"}],"predecessor-version":[{"id":354647,"href":"https:\/\/www.pcnen.com\/portal\/wp-json\/wp\/v2\/posts\/354644\/revisions\/354647"}],"wp:featuredmedia":[{"embeddable":true,"href":"https:\/\/www.pcnen.com\/portal\/wp-json\/wp\/v2\/media\/338330"}],"wp:attachment":[{"href":"https:\/\/www.pcnen.com\/portal\/wp-json\/wp\/v2\/media?parent=354644"}],"wp:term":[{"taxonomy":"category","embeddable":true,"href":"https:\/\/www.pcnen.com\/portal\/wp-json\/wp\/v2\/categories?post=354644"},{"taxonomy":"post_tag","embeddable":true,"href":"https:\/\/www.pcnen.com\/portal\/wp-json\/wp\/v2\/tags?post=354644"}],"curies":[{"name":"wp","href":"https:\/\/api.w.org\/{rel}","templated":true}]}}