{"id":354641,"date":"2022-09-07T10:56:37","date_gmt":"2022-09-07T08:56:37","guid":{"rendered":"https:\/\/www.pcnen.com\/portal\/?p=354641"},"modified":"2022-09-07T12:10:18","modified_gmt":"2022-09-07T10:10:18","slug":"preminuo-osudeni-ratni-zlocinac-radoslav-brdanin","status":"publish","type":"post","link":"https:\/\/www.pcnen.com\/portal\/2022\/09\/07\/preminuo-osudeni-ratni-zlocinac-radoslav-brdanin\/","title":{"rendered":"Preminuo osu\u0111eni ratni zlo\u010dinac Radoslav Br\u0111anin"},"content":{"rendered":"<p>Br\u0111anin je osu\u0111en na 30 godina u Ha\u0161kom tribunalu, a nakon 23 godine provedene u zatvoru stigao je u Banjaluku zbog te\u0161kog zdravstvenog stanja.<\/p>\n<p>Br\u0111aninu je u nekoliko navrata predsjednik suda Karmel A\u0111ijus odbio zahtjeve za pu\u0161tanje na prijevremenu slobodu iako je Br\u0111anin formalno ispunio uslove.<\/p>\n<p>Nakon presude Ha\u0161kog tribunala Br\u0111anin je kaznu slu\u017eio u Danskoj, odakle je preba\u010den u pritvor Ha\u0161kog mehanizma za me\u0111unarodne krivi\u010dne sudove 14. septembra pro\u0161le godine.<\/p>\n<p>Razlog za njegovo prebacivanje je bio taj \u0161to je Danska obavijestila sud u Hagu da je prema svim njihovim zakonima Br\u0111anin ispunio uslove da ga puste na slobodu i da vi\u0161e nemaju pravo da ga dr\u017ee u zatvoru.<\/p>\n<p>Br\u0111anin je prvi ministar gra\u0111evinarstva, saobra\u0107aja i komunalnih djelatnosti Republike Srpske i potpredsjednik Vlade Republike Srpske.<\/p>\n<p>Nakon rata, Br\u0111anin je bio predsjednik Narodne stranke Republike Srpske sve do hap\u0161enja u julu 1999. godine i odvo\u0111enja u Hag pod optu\u017ebom da je odgovoran za zlo\u010dine u Krajini.<\/p>\n","protected":false},"excerpt":{"rendered":"<p>Biv\u0161i \u0161ef Kriznog \u0161taba Srpske Autonomne Oblasti Krajina Radoslav Br\u0111anin preminuo je na Univerzitetskom klini\u010dkom centru Republike Srpske, potvr\u0111eno je za Nezavisne iz ove ustanove.<\/p>\n","protected":false},"author":1,"featured_media":354642,"comment_status":"open","ping_status":"closed","sticky":false,"template":"","format":"standard","meta":{"_seopress_robots_primary_cat":"","_seopress_titles_title":"","_seopress_titles_desc":"","_seopress_robots_index":"","_et_pb_use_builder":"","_et_pb_old_content":"","_et_gb_content_width":"","inline_featured_image":false,"footnotes":""},"categories":[14],"tags":[],"class_list":["post-354641","post","type-post","status-publish","format-standard","has-post-thumbnail","hentry","category-vijesti"],"_links":{"self":[{"href":"https:\/\/www.pcnen.com\/portal\/wp-json\/wp\/v2\/posts\/354641","targetHints":{"allow":["GET"]}}],"collection":[{"href":"https:\/\/www.pcnen.com\/portal\/wp-json\/wp\/v2\/posts"}],"about":[{"href":"https:\/\/www.pcnen.com\/portal\/wp-json\/wp\/v2\/types\/post"}],"author":[{"embeddable":true,"href":"https:\/\/www.pcnen.com\/portal\/wp-json\/wp\/v2\/users\/1"}],"replies":[{"embeddable":true,"href":"https:\/\/www.pcnen.com\/portal\/wp-json\/wp\/v2\/comments?post=354641"}],"version-history":[{"count":2,"href":"https:\/\/www.pcnen.com\/portal\/wp-json\/wp\/v2\/posts\/354641\/revisions"}],"predecessor-version":[{"id":354648,"href":"https:\/\/www.pcnen.com\/portal\/wp-json\/wp\/v2\/posts\/354641\/revisions\/354648"}],"wp:featuredmedia":[{"embeddable":true,"href":"https:\/\/www.pcnen.com\/portal\/wp-json\/wp\/v2\/media\/354642"}],"wp:attachment":[{"href":"https:\/\/www.pcnen.com\/portal\/wp-json\/wp\/v2\/media?parent=354641"}],"wp:term":[{"taxonomy":"category","embeddable":true,"href":"https:\/\/www.pcnen.com\/portal\/wp-json\/wp\/v2\/categories?post=354641"},{"taxonomy":"post_tag","embeddable":true,"href":"https:\/\/www.pcnen.com\/portal\/wp-json\/wp\/v2\/tags?post=354641"}],"curies":[{"name":"wp","href":"https:\/\/api.w.org\/{rel}","templated":true}]}}