{"id":354638,"date":"2022-09-07T10:44:14","date_gmt":"2022-09-07T08:44:14","guid":{"rendered":"https:\/\/www.pcnen.com\/portal\/?p=354638"},"modified":"2022-09-07T10:44:14","modified_gmt":"2022-09-07T08:44:14","slug":"haradinaj-kurtijeva-vladu-kuca-budala","status":"publish","type":"post","link":"https:\/\/www.pcnen.com\/portal\/2022\/09\/07\/haradinaj-kurtijeva-vladu-kuca-budala\/","title":{"rendered":"Haradinaj: Kurtijeva vladu \u2018ku\u0107a budala\u2019"},"content":{"rendered":"<p>Haradinaj je rekao da je Vlada Kosova na\u010dinila velike gre\u0161ke kada su u pitanju kapitalne investicije.<\/p>\n<p>&#8220;Vlada je u fazi propadanja. Trebalo bi da se fokusiramo na kapitalne investicije. Od 704 miliona eura namijenjenih kapitalnim investicijama, realizovano je samo 79 miliona. Preko 600 miliona eura nije anga\u017eovano u privredi i novac koji nije iskori\u0161\u0107en je obezvrije\u0111en zbog rasta cijena. Ovih obezvrije\u0111enih 600 miliona svelo se na 400 miliona zbog poskupljenja&#8221;, rekao je Haradinaj.<\/p>\n<p>&#8220;Imamo posla sa ku\u0107om budala, Samoopredjeljenje u Vladi i ne shvata kolika je njihova odgovornost&#8221;, dodao je on.<\/p>\n<p>Haradinaj je naglasio da se u ovom trenutku ne radi na ru\u0161enju Kurtijeve vlade, iako bi Kurti mogao da bude svrgnut sa vlasti. Ipak, kako ka\u017ee Haradinaj, to, u ovom trenutku, ne bi bilo dobro za Kosovo. Kako je istakao prioritet je postizanje dogovora sa Srbijom.<\/p>\n<p>&#8220;Moramo da satjeramo Srbiju u c\u0301o\u0161ak i dobijemo priznanje\u201c, rekao je on.<\/p>\n<p>Prema Haradinaju, ru\u0161enje Vlade ne mo\u017ee da bude prioritet u trenutku kada je zaklju\u010divanje kona\u010dnog sporazuma Kosova i Srbije dospjelo na dnevni red ameri\u010dkog predsjednika D\u017eoa Bajdena. Haradinaj je naglasio da su saveznici Kosova zabrinuti zbog Kurtijevih postupaka.<\/p>\n","protected":false},"excerpt":{"rendered":"<p>Lider Alijanse za buduc\u0301nost Kosova Ramu\u0161 Haradinaj nazvao je Kurtijevu vladu &#8220;ku\u0107om budala&#8221; koja nije svjesna odgovornosi i naglasio da ru\u0161enje Vlade nije prioritet, ve\u0107 postizanje kona\u010dnog dogovora sa Srbijom, prenosi kosovoonline.<\/p>\n","protected":false},"author":1,"featured_media":0,"comment_status":"open","ping_status":"closed","sticky":false,"template":"","format":"standard","meta":{"_seopress_robots_primary_cat":"","_seopress_titles_title":"","_seopress_titles_desc":"","_seopress_robots_index":"","_et_pb_use_builder":"","_et_pb_old_content":"","_et_gb_content_width":"","inline_featured_image":false,"footnotes":""},"categories":[14],"tags":[],"class_list":["post-354638","post","type-post","status-publish","format-standard","hentry","category-vijesti"],"_links":{"self":[{"href":"https:\/\/www.pcnen.com\/portal\/wp-json\/wp\/v2\/posts\/354638","targetHints":{"allow":["GET"]}}],"collection":[{"href":"https:\/\/www.pcnen.com\/portal\/wp-json\/wp\/v2\/posts"}],"about":[{"href":"https:\/\/www.pcnen.com\/portal\/wp-json\/wp\/v2\/types\/post"}],"author":[{"embeddable":true,"href":"https:\/\/www.pcnen.com\/portal\/wp-json\/wp\/v2\/users\/1"}],"replies":[{"embeddable":true,"href":"https:\/\/www.pcnen.com\/portal\/wp-json\/wp\/v2\/comments?post=354638"}],"version-history":[{"count":1,"href":"https:\/\/www.pcnen.com\/portal\/wp-json\/wp\/v2\/posts\/354638\/revisions"}],"predecessor-version":[{"id":354639,"href":"https:\/\/www.pcnen.com\/portal\/wp-json\/wp\/v2\/posts\/354638\/revisions\/354639"}],"wp:attachment":[{"href":"https:\/\/www.pcnen.com\/portal\/wp-json\/wp\/v2\/media?parent=354638"}],"wp:term":[{"taxonomy":"category","embeddable":true,"href":"https:\/\/www.pcnen.com\/portal\/wp-json\/wp\/v2\/categories?post=354638"},{"taxonomy":"post_tag","embeddable":true,"href":"https:\/\/www.pcnen.com\/portal\/wp-json\/wp\/v2\/tags?post=354638"}],"curies":[{"name":"wp","href":"https:\/\/api.w.org\/{rel}","templated":true}]}}