{"id":354636,"date":"2022-09-07T10:38:26","date_gmt":"2022-09-07T08:38:26","guid":{"rendered":"https:\/\/www.pcnen.com\/portal\/?p=354636"},"modified":"2022-09-07T10:44:54","modified_gmt":"2022-09-07T08:44:54","slug":"zeljezarci-pozvali-dukanovica-da-se-ukljuci-u-rjesavanje-problema","status":"publish","type":"post","link":"https:\/\/www.pcnen.com\/portal\/2022\/09\/07\/zeljezarci-pozvali-dukanovica-da-se-ukljuci-u-rjesavanje-problema\/","title":{"rendered":"\u017deljezarci pozvali \u0110ukanovi\u0107a da se uklju\u010di u rje\u0161avanje problema"},"content":{"rendered":"<p>\u201c Radnici su morali ovako da se obrate zato \u0161to predsjednik dr\u017eave ne odgovara na dopise radnika. A od sastanka sa savjetnikom predsjednika Petra Ivanovi\u0107a je pro\u0161lo skoro dva mjeseca i, iako je isti bio obe\u0107ao da \u0107e zakazati sastanak sa predsjednikom, od toga naravno nema nista. Radnici pitaju predsjednika da li su oni gra\u0111ani drugog reda? Da li je turski investitor ja\u010di od dr\u017eave Crne Gore? Da li \u0107e neko odgovarati zbog kancerogenog otpada? Da li \u0107e neko odgovarati zbog nepo\u0161tovanja investicionog ugovora? I, naravno, kako je \u017deljezara od udarne pesnice privrede Crne Gore postala fabrika koja otpu\u0161ta skoro sve zaposlene. Mislimo da radnici i njihove porodice ne zaslu\u017euju ovakav odnos predsjednika dr\u017eave koji se nije oglasio 3 mjeseca oko njihovog statusa. Ra\u010dunaju\u0107i na dobar odnos u relacijama \u0110ukanovi\u0107-Erdogan, smatramo da se moglo posti\u0107i kompromisno rjesenje sa turskim investitorom. Kome je u interesu da fabrika ne radi\u201d, \u00a0isti\u010du radnici \u017deljezare.<\/p>\n<p>Podsje\u0107anja radi, ova fabrika je u trenutku dolaska gospodina \u0110ukanovi\u0107a na vlast brojala 7,5 hiljada radnika, a sad je planirano da ostane 25 radnika. Ako je neko ra\u010dunao da \u0107e radnici odustati, svi u dr\u017eavi treba da znaju da su radnici nikad jedinstveniji i da oni tra\u017ee samo da rade i ni\u0161ta vi\u0161e, \u00a0isti\u010du radnici \u017deljezare.<\/p>\n","protected":false},"excerpt":{"rendered":"<p>Radnici \u017deljezare pozivaju predsjednika Crne Gore Mila \u0110ukanovi\u0107a da se uklju\u010di u rje\u0161avanju problema zaposlenih sa turskim investitorom.<\/p>\n","protected":false},"author":1,"featured_media":0,"comment_status":"open","ping_status":"closed","sticky":false,"template":"","format":"standard","meta":{"_seopress_robots_primary_cat":"","_seopress_titles_title":"","_seopress_titles_desc":"","_seopress_robots_index":"","_et_pb_use_builder":"","_et_pb_old_content":"","_et_gb_content_width":"","inline_featured_image":false,"footnotes":""},"categories":[14],"tags":[],"class_list":["post-354636","post","type-post","status-publish","format-standard","hentry","category-vijesti"],"_links":{"self":[{"href":"https:\/\/www.pcnen.com\/portal\/wp-json\/wp\/v2\/posts\/354636","targetHints":{"allow":["GET"]}}],"collection":[{"href":"https:\/\/www.pcnen.com\/portal\/wp-json\/wp\/v2\/posts"}],"about":[{"href":"https:\/\/www.pcnen.com\/portal\/wp-json\/wp\/v2\/types\/post"}],"author":[{"embeddable":true,"href":"https:\/\/www.pcnen.com\/portal\/wp-json\/wp\/v2\/users\/1"}],"replies":[{"embeddable":true,"href":"https:\/\/www.pcnen.com\/portal\/wp-json\/wp\/v2\/comments?post=354636"}],"version-history":[{"count":2,"href":"https:\/\/www.pcnen.com\/portal\/wp-json\/wp\/v2\/posts\/354636\/revisions"}],"predecessor-version":[{"id":354640,"href":"https:\/\/www.pcnen.com\/portal\/wp-json\/wp\/v2\/posts\/354636\/revisions\/354640"}],"wp:attachment":[{"href":"https:\/\/www.pcnen.com\/portal\/wp-json\/wp\/v2\/media?parent=354636"}],"wp:term":[{"taxonomy":"category","embeddable":true,"href":"https:\/\/www.pcnen.com\/portal\/wp-json\/wp\/v2\/categories?post=354636"},{"taxonomy":"post_tag","embeddable":true,"href":"https:\/\/www.pcnen.com\/portal\/wp-json\/wp\/v2\/tags?post=354636"}],"curies":[{"name":"wp","href":"https:\/\/api.w.org\/{rel}","templated":true}]}}