{"id":354619,"date":"2022-09-07T09:16:14","date_gmt":"2022-09-07T07:16:14","guid":{"rendered":"https:\/\/www.pcnen.com\/portal\/?p=354619"},"modified":"2022-09-07T09:16:14","modified_gmt":"2022-09-07T07:16:14","slug":"un-klimatske-promjene-uzrokovace-pogorsanje-kvaliteta-vazduha","status":"publish","type":"post","link":"https:\/\/www.pcnen.com\/portal\/2022\/09\/07\/un-klimatske-promjene-uzrokovace-pogorsanje-kvaliteta-vazduha\/","title":{"rendered":"UN: Klimatske promjene uzrokova\u0107e pogor\u0161anje kvaliteta vazduha"},"content":{"rendered":"<p>Prema novom izvje\u0161taju Svjetske meteorolo\u0161ke organizacije, agencije Ujedinjenih nacija, dinamika uzajamnog ja\u010danja zaga\u0111enosti i zagrijavanja planete ima\u0107e posljedice na klimu, zbog kojih \u0107e patiti milioni ljudi, prenosi N1.<\/p>\n<p>Godi\u0161nji bilten UN-a o kvalitetu vazduha i klimi posebno isti\u010de uticaj dima uzrokovanog \u0161umskim po\u017earima u 2021. godini nakon \u0161to su, kao i u 2020, vru\u0107ina i su\u0161a pogor\u0161ali \u0161irenje \u0161umskih po\u017eara na zapadu Sjeverne Amerike i u Sibiru, \u0161to je izazvalo znatno pove\u0107anje nivoa finih \u010destica (PM 2,5) \u0161tetnih za zdravlje.<\/p>\n<p>\u201ePrema projekcijama, \u010dak uz slabu emisiju, zagrijavanje planete uzrokova\u0107e pove\u0107anje broja \u0161umskih po\u017eara i zaga\u0111enost atmosfere koju izazivaju\u201c, objasnio je glavni sekretar Svjetske meteorolo\u0161ke organizacije Peteri Talas.<\/p>\n<p>On je u saop\u0161tenju naglasio da \u0107e ta pojava uticati na ljudsko zdravlje, ali \u0107e isto tako pogoditi i ekosisteme, jer zaga\u0111iva\u010di atmosfere padaju na Zemljinu povr\u0161inu.<\/p>\n<p>\u201ePosmatrali smo taj proces tokom velikih vru\u0107ina koje su pogodile Evropu i Kinu ove godine, kada su stabilni atmosferski uslovi, sun\u010dano vrijeme i slabi vjetrovi pogodovali pove\u0107anom nivou zaga\u0111iva\u010da\u201c, rekao je.<\/p>\n<p>Prema posmatranjima na planetarnom nivou, tokom posljednjih 20 godina ukupna izgorena povr\u0161ina u jednoj godini imala je tendenciju smanjivanja, zahvaljuju\u0107i manjem broju po\u017eara u savani i preriji. Ali, na kontinentalnom nivou, u nekim regionima zabilje\u017eena je tendencija pove\u0107avanja, posebno na zapadu Sjeverne Amerike, u Amazoni i Australiji.<\/p>\n<p>Sna\u017eni \u0161umski po\u017eari izazvali su abnormalno povi\u0161ene nivoe PM 2,5 \u010destica u Sibiru, Kanadi i na zapadu SAD-a u julu 2021. godine. U isto\u010dnom Sibiru te su koncentracije dosegle nivo koji \u201enikad dosad nije prime\u0107en\u201c, tvrdi Svjetska meteorolo\u0161ka organizacija, uglavnom zbog posebno visokih temperatura i su\u0161e.<\/p>\n<p>Ova godina \u201edaje da se nasluti \u0161ta nam donosi budu\u0107nost, jer moramo da se bojimo novog pove\u0107anja u\u010destalosti, ja\u010dine i trajanja talasa vru\u0107ine\u201c, tvrdi Talas.<\/p>\n<p>To bi moglo jo\u0161 vi\u0161e pogor\u0161ati kvalitet vazduha zbog takozvane \u201eklimatske reakcije\u201c, odnosno uticaja klimatskih promjena na pove\u0107anje nivoa ozona na nivou tla, na \u0161tetu vazduha koji udi\u0161emo.<\/p>\n<p>Prema projekcijama, na podru\u010djima u kojima \u0107e se vi\u0161e osje\u0107ati ta pojava, a to je ve\u0107ina Azije, \u017eivi gotovo \u010detvrtina sjvetskog stanovni\u0161tva, objasnio je Lorenco Labrador iz Svjetske meteorolo\u0161ke organizacije. Klimatske promjene mogle bi, dakle, na\u0161koditi stotinama miliona ljudi.<\/p>\n","protected":false},"excerpt":{"rendered":"<p>Zbog klimatskih promjena velike vru\u0107ine i \u0161umski po\u017eari posta\u0107e sve \u010de\u0161\u0107i, intenzivniji i du\u017ei, \u0161to \u0107e pogor\u0161ati kvalitet vazduha i zdravlje ljudi, upozorile su Ujedinjene nacije (UN).<\/p>\n","protected":false},"author":1,"featured_media":332241,"comment_status":"open","ping_status":"closed","sticky":false,"template":"","format":"standard","meta":{"_seopress_robots_primary_cat":"","_seopress_titles_title":"","_seopress_titles_desc":"","_seopress_robots_index":"","_et_pb_use_builder":"","_et_pb_old_content":"","_et_gb_content_width":"","inline_featured_image":false,"footnotes":""},"categories":[14],"tags":[],"class_list":["post-354619","post","type-post","status-publish","format-standard","has-post-thumbnail","hentry","category-vijesti"],"_links":{"self":[{"href":"https:\/\/www.pcnen.com\/portal\/wp-json\/wp\/v2\/posts\/354619","targetHints":{"allow":["GET"]}}],"collection":[{"href":"https:\/\/www.pcnen.com\/portal\/wp-json\/wp\/v2\/posts"}],"about":[{"href":"https:\/\/www.pcnen.com\/portal\/wp-json\/wp\/v2\/types\/post"}],"author":[{"embeddable":true,"href":"https:\/\/www.pcnen.com\/portal\/wp-json\/wp\/v2\/users\/1"}],"replies":[{"embeddable":true,"href":"https:\/\/www.pcnen.com\/portal\/wp-json\/wp\/v2\/comments?post=354619"}],"version-history":[{"count":2,"href":"https:\/\/www.pcnen.com\/portal\/wp-json\/wp\/v2\/posts\/354619\/revisions"}],"predecessor-version":[{"id":354621,"href":"https:\/\/www.pcnen.com\/portal\/wp-json\/wp\/v2\/posts\/354619\/revisions\/354621"}],"wp:featuredmedia":[{"embeddable":true,"href":"https:\/\/www.pcnen.com\/portal\/wp-json\/wp\/v2\/media\/332241"}],"wp:attachment":[{"href":"https:\/\/www.pcnen.com\/portal\/wp-json\/wp\/v2\/media?parent=354619"}],"wp:term":[{"taxonomy":"category","embeddable":true,"href":"https:\/\/www.pcnen.com\/portal\/wp-json\/wp\/v2\/categories?post=354619"},{"taxonomy":"post_tag","embeddable":true,"href":"https:\/\/www.pcnen.com\/portal\/wp-json\/wp\/v2\/tags?post=354619"}],"curies":[{"name":"wp","href":"https:\/\/api.w.org\/{rel}","templated":true}]}}