{"id":354595,"date":"2022-09-06T21:31:12","date_gmt":"2022-09-06T19:31:12","guid":{"rendered":"https:\/\/www.pcnen.com\/portal\/?p=354595"},"modified":"2022-09-06T21:31:12","modified_gmt":"2022-09-06T19:31:12","slug":"lekic-ima-boljih-i-ambicioznijih-od-mene-za-funkciju-premijera","status":"publish","type":"post","link":"https:\/\/www.pcnen.com\/portal\/2022\/09\/06\/lekic-ima-boljih-i-ambicioznijih-od-mene-za-funkciju-premijera\/","title":{"rendered":"Leki\u0107: Ima boljih i ambicioznijih od mene za funkciju premijera"},"content":{"rendered":"<p>Rekao je da je tokom posljednja dva sastanka parlamentarne ve\u0107ine napravljen pomak, ali da li se pre\u0161lo u kvalitativnu fazu, objektivno nije.<\/p>\n<p>&#8220;To je jedan veliki poduhvat i prirodno rje\u0161enje koje je izostalo onda kad je trebalo, poslije 30. avgusta. Ovo je izborna ve\u0107ina, a sada okupljanjem se pokazalo i da postoji. Napravljen je jedan pravac i sa dozom i optimizma i rezerve gledam na to, a to \u0161to kre\u0107e oprezno je mo\u017eda i dobar znak&#8221;, ocijenio je Leki\u0107.<\/p>\n<p>Kako je kazao, tokom sljede\u0107e sedmice planirano je nekoliko sastanaka, nada se bez medijske pompe, ali ne na u\u0161trb transparentnosti, kako bi do 19. septembra, a prema njegovom predlogu i do 15. imali konkretan dogovor.<\/p>\n<p>&#8220;Na ova dva sastanka poku\u0161avamo da se ne\u0161to pove\u017ee, a kakva je ve\u0107ina u pitanju govori podatak da je dovoljan samo jedna \u010dlan te ve\u0107ine da se ne slo\u017ei, pa da nema dogovora&#8221;, ka\u017ee Leki\u0107.<\/p>\n<p>Leki\u0107 isti\u010de da je 44. vlada logi\u010dna i prema me\u0111unarodnim i demokratskim pravilima i ima \u0161ansu da uradi ne\u0161to, ali ako se konstitui\u0161e kako treba, politi\u010dki.<\/p>\n<p>Ocijenio je da su dvije godine izgubljene, a da se mora nastaviti na vi\u0161edecenijsku pora\u017eavaju\u0107u politiku. Sve treba ispraviti, ozbiljne konfrontacije kojih je bilo ubla\u017eiti i ispuniti dobar dio onoga \u0161to je obe\u0107ano gra\u0111anima.<\/p>\n<p>&#8220;Crna Gora je u izuzetno te\u0161koj situaciji, ima ekonomiju koja je neodr\u017eiva, u deficitima i mnogo toga treba uraditi&#8221;, ka\u017ee Leki\u0107, prenosi RTCG.<\/p>\n<p>Kako je kazao, treba prekinuti sa naslje\u0111em partijskog zapo\u0161ljavanja, nepla\u0107anja poreza i drugim nepo\u010dinstvima koja su utemeljenja decenijama i tu na\u017ealost, kako je kazao, nije napravljen preokret u posljednje dvije godine.<\/p>\n<p>Komentari\u0161u\u0107i nezvani\u010dne informacije o njemu kao mogu\u0107em premijeru ili funkcioneru u Vladi, Leki\u0107 je kazao da do sada zvani\u010dno nije dobio nikakvu ponudu.<\/p>\n<p>&#8220;Mislim da je \u010din neodgovornosti, onoga ko lako pri ovakvom stanju u dru\u0161tvu, pa i u toj koaliciji ve\u0107ine, prihvata da bude premijer. Nemam nikakvu ponudu, u neformalnom obliku ima nekih razgovora. A ako je i dobijem dajem prednost svima ostalima, ne\u0107u se za nju boriti. Ako se inicira takav predlog, odnije\u0107u se odgovorno prema njemu, ali vjerujem da postoje ambiciozniji i bolji i glasa\u0107u za predlog ve\u0107ine&#8221;, naglasio je Leki\u0107.<\/p>\n<p>Izjave odre\u0111enih me\u0111unarodnih partnera, smatra, ne treba uzimati zdravo za gotovo. Treba uva\u017eavati me\u0111unarodni faktor, ali ne i biti impresioniran nekim politi\u010darima i pokazivati kolonijalni mentalitet.<\/p>\n<p>&#8220;Ako \u0107emo da se oslanjamo samo na njihove upute, ne trebaju nam izbori. \u010cinjenica je i da su 41. Vlada DPS-a sa svim sjenkama korupcija i 42. ekspertska i 43. imale podr\u0161ku me\u0111unarodne zajednice, pa nije ispalo kako treba. Ako bude vlada ozbiljno radila, nije relevantno \u0161ta je neko rekao u Evropskom parlamentu&#8221;, ocijenio je predsjednik Demosa.<\/p>\n<p>Poru\u010dio je i da \u0107e se ukoliko dobije neku poziciju odlu\u010divanja u novoj vladi zalagati za redukovanje apana\u017ea funkcionera.<\/p>\n<p>&#8220;Moramo radikalno da mijenjamo ovaj sistem. Razumijem podjele me\u0111u politi\u010dkim partnerima, ali da ne repriziramo iritantne slike zapo\u0161ljavanja. U reformu treba i\u0107i ka radikalnoj mjeri, da se zabrani rad \u010dlanova stranaka u privrednim preduze\u0107ima. Mo\u017eda sada, poslije ove izjave, odustanu od mene kao predloga za premijera, jer apetiti su veliki&#8221;, ka\u017ee Leki\u0107.<\/p>\n","protected":false},"excerpt":{"rendered":"<p>Lider Demosa Miodrag Leki\u0107 je gostuju\u0107i u emisiji &#8220;Intervju&#8221; rekao da nije dobio nikakvu konkretnu ponudu da bude premijer nove Vlade, te ako se takav predlog od ve\u0107ine pojavi, prema njemu \u0107e se odnijeti odgovorno, mada smatra da ima ambicioznijih i boljih od njega za tu poziciju.<\/p>\n","protected":false},"author":1,"featured_media":301064,"comment_status":"open","ping_status":"closed","sticky":false,"template":"","format":"standard","meta":{"_seopress_robots_primary_cat":"","_seopress_titles_title":"","_seopress_titles_desc":"","_seopress_robots_index":"","_et_pb_use_builder":"","_et_pb_old_content":"","_et_gb_content_width":"","inline_featured_image":false,"footnotes":""},"categories":[14],"tags":[],"class_list":["post-354595","post","type-post","status-publish","format-standard","has-post-thumbnail","hentry","category-vijesti"],"_links":{"self":[{"href":"https:\/\/www.pcnen.com\/portal\/wp-json\/wp\/v2\/posts\/354595","targetHints":{"allow":["GET"]}}],"collection":[{"href":"https:\/\/www.pcnen.com\/portal\/wp-json\/wp\/v2\/posts"}],"about":[{"href":"https:\/\/www.pcnen.com\/portal\/wp-json\/wp\/v2\/types\/post"}],"author":[{"embeddable":true,"href":"https:\/\/www.pcnen.com\/portal\/wp-json\/wp\/v2\/users\/1"}],"replies":[{"embeddable":true,"href":"https:\/\/www.pcnen.com\/portal\/wp-json\/wp\/v2\/comments?post=354595"}],"version-history":[{"count":1,"href":"https:\/\/www.pcnen.com\/portal\/wp-json\/wp\/v2\/posts\/354595\/revisions"}],"predecessor-version":[{"id":354596,"href":"https:\/\/www.pcnen.com\/portal\/wp-json\/wp\/v2\/posts\/354595\/revisions\/354596"}],"wp:featuredmedia":[{"embeddable":true,"href":"https:\/\/www.pcnen.com\/portal\/wp-json\/wp\/v2\/media\/301064"}],"wp:attachment":[{"href":"https:\/\/www.pcnen.com\/portal\/wp-json\/wp\/v2\/media?parent=354595"}],"wp:term":[{"taxonomy":"category","embeddable":true,"href":"https:\/\/www.pcnen.com\/portal\/wp-json\/wp\/v2\/categories?post=354595"},{"taxonomy":"post_tag","embeddable":true,"href":"https:\/\/www.pcnen.com\/portal\/wp-json\/wp\/v2\/tags?post=354595"}],"curies":[{"name":"wp","href":"https:\/\/api.w.org\/{rel}","templated":true}]}}