{"id":354593,"date":"2022-09-06T19:42:08","date_gmt":"2022-09-06T17:42:08","guid":{"rendered":"https:\/\/www.pcnen.com\/portal\/?p=354593"},"modified":"2022-09-06T19:42:08","modified_gmt":"2022-09-06T17:42:08","slug":"kadirov-se-predomislio-ostaje-lider-cecenije","status":"publish","type":"post","link":"https:\/\/www.pcnen.com\/portal\/2022\/09\/06\/kadirov-se-predomislio-ostaje-lider-cecenije\/","title":{"rendered":"Kadirov se predomislio, ostaje lider \u010ce\u010denije"},"content":{"rendered":"<p>Kadirov je rekao da je izjavu koju je dao dva dana ranije o mogu\u0107oj ostavci dao kako bi \u201cprovjerio \u0161ta mislite.\u201d<\/p>\n<p>On je dva dana prije toga napisao da je nakon 15 godina kao regionalni lider u Rusiji \u201edo\u0161lo moje vrijeme\u201c.<\/p>\n<p>Me\u0111utim, u svojoj posljednjoj objavi na Telegramu, Kadirov je napisao da je saznao da je neimenovani ruski politi\u010dar bio regionalni lider 27 godina, pa je \u201eodlu\u010dio da obori taj rekord\u201c, prenose Nezavisne.<\/p>\n<p>\u201eVidje\u0107emo mogu li to presti\u0107i\u201c, napisao je Kadirov i dodao da \u201enema pravo\u201c sada da napusti funkciju.<\/p>\n<p>Kadirov koji ima 45 godina vlada \u010ce\u010denijom od 2007. i trenutno je lider sa najdu\u017eim sta\u017eom u jednoj od ruskih regija.<\/p>\n<p>Ruske i me\u0111unarodne organizacije za ljudska prava godinama optu\u017euju Kadirova za ignorisanje te\u0161kih kr\u0161enja ljudskih prava, uklju\u010duju\u0107i otmice, mu\u010denja, vansudska ubistva, uklju\u010duju\u0107i ubistva njegovih protivnika koji \u017eive u inostranstvu, te progon LGBT zajednice.<\/p>\n<blockquote class=\"wp-embedded-content\" data-secret=\"Xitg79u305\"><p><a href=\"https:\/\/www.pcnen.com\/portal\/2022\/09\/03\/kadirov-vrijeme-je-da-odem-sa-cela-cecenije\/\">Kadirov: Vrijeme je da odem sa \u010dela \u010ce\u010denije<\/a><\/p><\/blockquote>\n<p><iframe loading=\"lazy\" class=\"wp-embedded-content\" sandbox=\"allow-scripts\" security=\"restricted\" style=\"position: absolute; clip: rect(1px, 1px, 1px, 1px);\" title=\"&#8220;Kadirov: Vrijeme je da odem sa \u010dela \u010ce\u010denije&#8221; &#8212; PCNEN\" src=\"https:\/\/www.pcnen.com\/portal\/2022\/09\/03\/kadirov-vrijeme-je-da-odem-sa-cela-cecenije\/embed\/#?secret=woRXG6nXoX#?secret=Xitg79u305\" data-secret=\"Xitg79u305\" width=\"600\" height=\"338\" frameborder=\"0\" marginwidth=\"0\" marginheight=\"0\" scrolling=\"no\"><\/iframe><\/p>\n","protected":false},"excerpt":{"rendered":"<p>Vo\u0111a ruske regije \u010ce\u010denije, Ramzan Kadirov povukao je izjavu o odlasku sa vlasti i rekao da sada namjerava da obori rekord od 27 godina u obavljanju du\u017enosti regionalnog lidera.<\/p>\n","protected":false},"author":1,"featured_media":341959,"comment_status":"open","ping_status":"closed","sticky":false,"template":"","format":"standard","meta":{"_seopress_robots_primary_cat":"","_seopress_titles_title":"","_seopress_titles_desc":"","_seopress_robots_index":"","_et_pb_use_builder":"","_et_pb_old_content":"","_et_gb_content_width":"","inline_featured_image":false,"footnotes":""},"categories":[14],"tags":[],"class_list":["post-354593","post","type-post","status-publish","format-standard","has-post-thumbnail","hentry","category-vijesti"],"_links":{"self":[{"href":"https:\/\/www.pcnen.com\/portal\/wp-json\/wp\/v2\/posts\/354593","targetHints":{"allow":["GET"]}}],"collection":[{"href":"https:\/\/www.pcnen.com\/portal\/wp-json\/wp\/v2\/posts"}],"about":[{"href":"https:\/\/www.pcnen.com\/portal\/wp-json\/wp\/v2\/types\/post"}],"author":[{"embeddable":true,"href":"https:\/\/www.pcnen.com\/portal\/wp-json\/wp\/v2\/users\/1"}],"replies":[{"embeddable":true,"href":"https:\/\/www.pcnen.com\/portal\/wp-json\/wp\/v2\/comments?post=354593"}],"version-history":[{"count":1,"href":"https:\/\/www.pcnen.com\/portal\/wp-json\/wp\/v2\/posts\/354593\/revisions"}],"predecessor-version":[{"id":354594,"href":"https:\/\/www.pcnen.com\/portal\/wp-json\/wp\/v2\/posts\/354593\/revisions\/354594"}],"wp:featuredmedia":[{"embeddable":true,"href":"https:\/\/www.pcnen.com\/portal\/wp-json\/wp\/v2\/media\/341959"}],"wp:attachment":[{"href":"https:\/\/www.pcnen.com\/portal\/wp-json\/wp\/v2\/media?parent=354593"}],"wp:term":[{"taxonomy":"category","embeddable":true,"href":"https:\/\/www.pcnen.com\/portal\/wp-json\/wp\/v2\/categories?post=354593"},{"taxonomy":"post_tag","embeddable":true,"href":"https:\/\/www.pcnen.com\/portal\/wp-json\/wp\/v2\/tags?post=354593"}],"curies":[{"name":"wp","href":"https:\/\/api.w.org\/{rel}","templated":true}]}}