{"id":354589,"date":"2022-09-06T17:50:01","date_gmt":"2022-09-06T15:50:01","guid":{"rendered":"https:\/\/www.pcnen.com\/portal\/?p=354589"},"modified":"2022-09-06T17:50:01","modified_gmt":"2022-09-06T15:50:01","slug":"durovic-zakazala-sjednicu-skupstine-za-20-septembar","status":"publish","type":"post","link":"https:\/\/www.pcnen.com\/portal\/2022\/09\/06\/durovic-zakazala-sjednicu-skupstine-za-20-septembar\/","title":{"rendered":"\u0110urovi\u0107 zakazala sjednicu Skup\u0161tine za 20. septembar"},"content":{"rendered":"<p>Na dnevnom redu je samo jedna ta\u010dka Predlog za izbor \u010detiri \u010dlana Sudskog savjeta iz reda uglednih pravnika.<\/p>\n<p>Poslani\u010dki klubovi DPS-a, Socijaldemokrata, Socijaldemokratske partije, Bo\u0161nja\u010dke stranke i dva poslanika Demokratske Unije Albanaca i Force zatra\u017eili su sazivanje vanredne sjednce Skup\u0161ine za 20. septembra, kako bi se na njoj izabrala \u010detiri \u010dlana Sudskog savjeta.<\/p>\n<p>Oni u inicijativi tra\u017ee drugi krug glasanja, po\u0161to kandidati u prvom krugu nisu dobili dvotre\u0107insku podr\u0161ku 54 poslanika.<\/p>\n<p>U drugom krugu mogu biti izabrani kandidati koji dobiju 49 glasa, odnosno tropetisnku podr\u0161ku poslanika.<\/p>\n<p>Na Sjednici Petog vanrednog zasijedanja u 2022. godini, koja je odrzana 16.08.2022. godine, glasalo se o Predlogu za izbor \u010detiri \u010dlana Sudskog savjeta iz reda uglednih pravnika. Predlo\u017eeni kandidati u prvom glasanju nijesu dobili potrebnu dvotre\u0107insku ve\u0107inu. Amandmanom IV na Ustav Crne Gore utvr\u0111eno je da Skup\u0161tina u prvom glasanju dvotre\u0107inskom ve\u0107inom, a u drugom glasanju tropetinskom ve\u0107inom svih poslanika, najranije nakon mjesec dana bira \u010detiri \u010dlana Sudskog savjeta iz reda uglednih pravnika. Na osnovu toga predlo\u017een je dnevni red vanrednog zasijedanja Skupstine Crne Gore, navodi se u obrazlo\u017eenju.<\/p>\n","protected":false},"excerpt":{"rendered":"<p>Predsjednica Skup\u0161tine Danijela \u0110urovi\u0107 je na zahtjev 37 poslanika zakazala vanrednu sjednicu parlamenta za 20. septembar, sa po\u010detkom u 16 \u010dasova.<\/p>\n","protected":false},"author":1,"featured_media":0,"comment_status":"open","ping_status":"closed","sticky":false,"template":"","format":"standard","meta":{"_seopress_robots_primary_cat":"","_seopress_titles_title":"","_seopress_titles_desc":"","_seopress_robots_index":"","_et_pb_use_builder":"","_et_pb_old_content":"","_et_gb_content_width":"","inline_featured_image":false,"footnotes":""},"categories":[14],"tags":[],"class_list":["post-354589","post","type-post","status-publish","format-standard","hentry","category-vijesti"],"_links":{"self":[{"href":"https:\/\/www.pcnen.com\/portal\/wp-json\/wp\/v2\/posts\/354589","targetHints":{"allow":["GET"]}}],"collection":[{"href":"https:\/\/www.pcnen.com\/portal\/wp-json\/wp\/v2\/posts"}],"about":[{"href":"https:\/\/www.pcnen.com\/portal\/wp-json\/wp\/v2\/types\/post"}],"author":[{"embeddable":true,"href":"https:\/\/www.pcnen.com\/portal\/wp-json\/wp\/v2\/users\/1"}],"replies":[{"embeddable":true,"href":"https:\/\/www.pcnen.com\/portal\/wp-json\/wp\/v2\/comments?post=354589"}],"version-history":[{"count":1,"href":"https:\/\/www.pcnen.com\/portal\/wp-json\/wp\/v2\/posts\/354589\/revisions"}],"predecessor-version":[{"id":354590,"href":"https:\/\/www.pcnen.com\/portal\/wp-json\/wp\/v2\/posts\/354589\/revisions\/354590"}],"wp:attachment":[{"href":"https:\/\/www.pcnen.com\/portal\/wp-json\/wp\/v2\/media?parent=354589"}],"wp:term":[{"taxonomy":"category","embeddable":true,"href":"https:\/\/www.pcnen.com\/portal\/wp-json\/wp\/v2\/categories?post=354589"},{"taxonomy":"post_tag","embeddable":true,"href":"https:\/\/www.pcnen.com\/portal\/wp-json\/wp\/v2\/tags?post=354589"}],"curies":[{"name":"wp","href":"https:\/\/api.w.org\/{rel}","templated":true}]}}