{"id":354580,"date":"2022-09-06T17:10:00","date_gmt":"2022-09-06T15:10:00","guid":{"rendered":"https:\/\/www.pcnen.com\/portal\/?p=354580"},"modified":"2022-09-06T17:46:25","modified_gmt":"2022-09-06T15:46:25","slug":"motociklista-stradao-na-obzovici-saobracaj-u-prekidu","status":"publish","type":"post","link":"https:\/\/www.pcnen.com\/portal\/2022\/09\/06\/motociklista-stradao-na-obzovici-saobracaj-u-prekidu\/","title":{"rendered":"Motociklista stradao na Obzovici, saobra\u0107aj\u00a0 u prekidu"},"content":{"rendered":"<p>U udesu su u\u010destvovali motocikl marke BMW hrvatskih oznaka DU 368 HH i dva putni\u010dka vozila Audi A3 oznaka PG GJ848 kojim je upravljao D.K. (1983) iz Podgorice i Folksvagen kedi kotorskih oznaka KO BH924 kojim je upravljao S.\u0106. (1963) iz Kotora.<\/p>\n<p>Jedna osoba sa lak\u0161im tjelesnim povredama dovezena je u cetinjsku bolnicu.<\/p>\n<p>Saobra\u0107aj na putu ka Budvi je u prekidu. Uvi\u0111aj je u toku.<\/p>\n","protected":false},"excerpt":{"rendered":"<p>Voza\u010d motocikla N.A. (1994) iz Podgorice, poginuo je u saobra\u0107ajnoj nesre\u0107i koja se danas dogodila oko 15:30 minuta na putu Cetinje \u2013 Budva u mjestu Obzovica, saznaje Radio Cetinje.<\/p>\n","protected":false},"author":1,"featured_media":354581,"comment_status":"open","ping_status":"closed","sticky":false,"template":"","format":"standard","meta":{"_seopress_robots_primary_cat":"","_seopress_titles_title":"","_seopress_titles_desc":"","_seopress_robots_index":"","_et_pb_use_builder":"","_et_pb_old_content":"","_et_gb_content_width":"","inline_featured_image":false,"footnotes":""},"categories":[14],"tags":[],"class_list":["post-354580","post","type-post","status-publish","format-standard","has-post-thumbnail","hentry","category-vijesti"],"_links":{"self":[{"href":"https:\/\/www.pcnen.com\/portal\/wp-json\/wp\/v2\/posts\/354580","targetHints":{"allow":["GET"]}}],"collection":[{"href":"https:\/\/www.pcnen.com\/portal\/wp-json\/wp\/v2\/posts"}],"about":[{"href":"https:\/\/www.pcnen.com\/portal\/wp-json\/wp\/v2\/types\/post"}],"author":[{"embeddable":true,"href":"https:\/\/www.pcnen.com\/portal\/wp-json\/wp\/v2\/users\/1"}],"replies":[{"embeddable":true,"href":"https:\/\/www.pcnen.com\/portal\/wp-json\/wp\/v2\/comments?post=354580"}],"version-history":[{"count":7,"href":"https:\/\/www.pcnen.com\/portal\/wp-json\/wp\/v2\/posts\/354580\/revisions"}],"predecessor-version":[{"id":354588,"href":"https:\/\/www.pcnen.com\/portal\/wp-json\/wp\/v2\/posts\/354580\/revisions\/354588"}],"wp:featuredmedia":[{"embeddable":true,"href":"https:\/\/www.pcnen.com\/portal\/wp-json\/wp\/v2\/media\/354581"}],"wp:attachment":[{"href":"https:\/\/www.pcnen.com\/portal\/wp-json\/wp\/v2\/media?parent=354580"}],"wp:term":[{"taxonomy":"category","embeddable":true,"href":"https:\/\/www.pcnen.com\/portal\/wp-json\/wp\/v2\/categories?post=354580"},{"taxonomy":"post_tag","embeddable":true,"href":"https:\/\/www.pcnen.com\/portal\/wp-json\/wp\/v2\/tags?post=354580"}],"curies":[{"name":"wp","href":"https:\/\/api.w.org\/{rel}","templated":true}]}}