{"id":354577,"date":"2022-09-06T16:35:22","date_gmt":"2022-09-06T14:35:22","guid":{"rendered":"https:\/\/www.pcnen.com\/portal\/?p=354577"},"modified":"2022-09-06T16:35:22","modified_gmt":"2022-09-06T14:35:22","slug":"srbija-zabranila-izvoz-mlijeka-i-maslaca","status":"publish","type":"post","link":"https:\/\/www.pcnen.com\/portal\/2022\/09\/06\/srbija-zabranila-izvoz-mlijeka-i-maslaca\/","title":{"rendered":"Srbija zabranila izvoz mlijeka i maslaca"},"content":{"rendered":"<p>&#8220;Uvodi se privremena zabrana izvoza mleka i proizvoda od mleka, u cilju spre\u010davanja kriti\u010dne nesta\u0161ice ovih proizvoda, odnosno ubla\u017eavanja posledica nesta\u0161ice nastale usled pove\u0107anog izvoza i potrebe stanovni\u0161tva za pove\u0107anim snabdevanjem prouzrokovanim krizom na svetskom tr\u017ei\u0161tu\u201c, navodi se u Odluci o privremenoj zabrani izvoza mlijeka i proizvoda od mlijeka.<\/p>\n<p>Zabrana se odnosi na mlijeko i maslac u ambala\u017ei ve\u0107oj od jednog kilograma.<\/p>\n<p>\u201ePrivremena zabrana izvoza proizvoda ne odnosi se na robu koja se izvozi u Republiku S.Makedoniju i Republiku Albaniju\u201c, stoji u odluci.<\/p>\n<p>Tako\u0111e, kako se isti\u010de, zabrana se ne odnosi na izvoz robe \u201eza koju je od strane carinskog organa prihva\u0107ena izvozna deklaracija pre stupanja na snagu ove odluke\u201c.<\/p>\n<p>Zabrana traje do kraja septembra, propisano je odlukom Vlade.<\/p>\n","protected":false},"excerpt":{"rendered":"<p>Od srijede, 7. septembra zabranjen je izvoz mlijeka i maslaca iz Srbije, odlu\u010dila je Vlada Srbije. Ova zabrana ne va\u017ei za izvoz na tr\u017ei\u0161ta S.Makedonije i Albanije. Odluka va\u017ei do kraja mjeseca, prenosi N1.<\/p>\n","protected":false},"author":1,"featured_media":0,"comment_status":"open","ping_status":"closed","sticky":false,"template":"","format":"standard","meta":{"_seopress_robots_primary_cat":"","_seopress_titles_title":"","_seopress_titles_desc":"","_seopress_robots_index":"","_et_pb_use_builder":"","_et_pb_old_content":"","_et_gb_content_width":"","inline_featured_image":false,"footnotes":""},"categories":[14],"tags":[],"class_list":["post-354577","post","type-post","status-publish","format-standard","hentry","category-vijesti"],"_links":{"self":[{"href":"https:\/\/www.pcnen.com\/portal\/wp-json\/wp\/v2\/posts\/354577","targetHints":{"allow":["GET"]}}],"collection":[{"href":"https:\/\/www.pcnen.com\/portal\/wp-json\/wp\/v2\/posts"}],"about":[{"href":"https:\/\/www.pcnen.com\/portal\/wp-json\/wp\/v2\/types\/post"}],"author":[{"embeddable":true,"href":"https:\/\/www.pcnen.com\/portal\/wp-json\/wp\/v2\/users\/1"}],"replies":[{"embeddable":true,"href":"https:\/\/www.pcnen.com\/portal\/wp-json\/wp\/v2\/comments?post=354577"}],"version-history":[{"count":1,"href":"https:\/\/www.pcnen.com\/portal\/wp-json\/wp\/v2\/posts\/354577\/revisions"}],"predecessor-version":[{"id":354579,"href":"https:\/\/www.pcnen.com\/portal\/wp-json\/wp\/v2\/posts\/354577\/revisions\/354579"}],"wp:attachment":[{"href":"https:\/\/www.pcnen.com\/portal\/wp-json\/wp\/v2\/media?parent=354577"}],"wp:term":[{"taxonomy":"category","embeddable":true,"href":"https:\/\/www.pcnen.com\/portal\/wp-json\/wp\/v2\/categories?post=354577"},{"taxonomy":"post_tag","embeddable":true,"href":"https:\/\/www.pcnen.com\/portal\/wp-json\/wp\/v2\/tags?post=354577"}],"curies":[{"name":"wp","href":"https:\/\/api.w.org\/{rel}","templated":true}]}}