{"id":354574,"date":"2022-09-06T16:28:09","date_gmt":"2022-09-06T14:28:09","guid":{"rendered":"https:\/\/www.pcnen.com\/portal\/?p=354574"},"modified":"2022-09-06T16:29:04","modified_gmt":"2022-09-06T14:29:04","slug":"patrijarh-otkazivanje-europrajda-nuzno-i-opravdano","status":"publish","type":"post","link":"https:\/\/www.pcnen.com\/portal\/2022\/09\/06\/patrijarh-otkazivanje-europrajda-nuzno-i-opravdano\/","title":{"rendered":"Patrijarh: Otkazivanje Europrajda nu\u017eno i opravdano"},"content":{"rendered":"<p>Porfirije tvrdi da je ne samo u Srbiji, ve\u0107 svuda gdje \u017eivi srpski narod, velike polemike, podjele, kontroverze i sukobe donijela najava da \u0107e u Beogradu biti odr\u017ean Evroprajd.<\/p>\n<p>&#8220;Ova tema je nama vje\u0161ta\u010dki nametnuta i potpuno je suprotna sistemu vrijednosti na\u0161eg naroda, a isto tako i na\u0161e bra\u0107e i sestara drugih vjera i nacija sa kojima \u017eivimo. O tome su mi neposredno posvjedo\u010dili predstavnici tradicionalnih crkava i vjerskih zajednica. Stoga otkazivanje ove manifestacije smatram ispravnim&#8221;, rekao je Porfirije, <a href=\"https:\/\/www.rts.rs\/page\/stories\/sr\/story\/125\/drustvo\/4943644\/patrijarh-porfirije-otkazivanje-evroprajda-nuzno-i-opravdano.html\">prenosi RTS.<\/a><\/p>\n<p>Naveo je i da je &#8220;u du\u0161u nas pravoslavnih hri\u0161\u0107ana usa\u0111eno u\u010denje crkve izra\u017eeno ve\u0107 na po\u010detnim stranama Biblije, gdje je zapisano da je Bog stvorio \u010dovjeka kao dva pola, kao mu\u0161ko i \u017eensko, \u0161to zna\u010di da su brak i porodica, od postanja svijeta do danas i do kraja svijeta i vijeka, definisani kao zajednica ljubavi mu\u0161karca i \u017eene sa njihovom djecom&#8221;.<\/p>\n<p>&#8220;U potpunosti razumijemo su\u0161tinski opravdanu veliku zabrinutost na\u0161eg naroda koji je u grubom promovisanju i nametanju politika i ideologija koje imaju za cilj da poru\u0161e stubove na kojima se vjekovima gradi na\u0161 identitet, da sve postane krhko, relativno i fluidno, osjetio dubinsko i sistematsko ugro\u017eavanje svih temeljnih vrijednosti kojima je vjekovima odan, a posebno svetinje braka i porodice&#8221;, rekao je on.<\/p>\n<p>Iz ovih razloga su, kako ka\u017ee, vi\u0161e puta u neposrednom razgovoru sa najvi\u0161im predstavnicima dr\u017eave iznijeli razloge zbog kojih smatraju da je nu\u017eno i opravdano otkazivanje Europrajda.<\/p>\n<p>&#8220;U isto vrijeme podsje\u0107am da crkva Hristova po\u0161tuje bogomdarovanu slobodu svakog ljudskog bi\u0107a i zato je protiv svakog oblika nasilja, javnog \u017eigosanja i progona bilo koga. Zlo se ne lije\u010di i ne pobje\u0111uje nasiljem, nego se na taj na\u010din samo umno\u017eava&#8221;, dodao je Porfirije.<\/p>\n<p>&#8220;Molimo se Hristu Gospodu da nas molitvama Svetog Save srpskog u vrijeme kada su pred na\u0161om otad\u017ebinom i narodom razli\u010dita isku\u0161enja i problemi, li\u0161i ovog, \u0161tetno i bespotrebno nam nametnutog&#8221;, zaklju\u010duje srpski patrijarh.<\/p>\n","protected":false},"excerpt":{"rendered":"<p>Patrijarh srpski Porfirije poru\u010dio je u specijalnoj izjavi da je otkazivanje Europrajda u Beogradu ispravna odluka. Crkva po\u0161tuje slobodu svakog ljudskog bi\u0107a i zatoje  protiv svakog oblika nasilja, javnog \u017eigosanja i progona bilo koga.<\/p>\n","protected":false},"author":1,"featured_media":314322,"comment_status":"open","ping_status":"closed","sticky":false,"template":"","format":"standard","meta":{"_seopress_robots_primary_cat":"","_seopress_titles_title":"","_seopress_titles_desc":"","_seopress_robots_index":"","_et_pb_use_builder":"","_et_pb_old_content":"","_et_gb_content_width":"","inline_featured_image":false,"footnotes":""},"categories":[14],"tags":[],"class_list":["post-354574","post","type-post","status-publish","format-standard","has-post-thumbnail","hentry","category-vijesti"],"_links":{"self":[{"href":"https:\/\/www.pcnen.com\/portal\/wp-json\/wp\/v2\/posts\/354574","targetHints":{"allow":["GET"]}}],"collection":[{"href":"https:\/\/www.pcnen.com\/portal\/wp-json\/wp\/v2\/posts"}],"about":[{"href":"https:\/\/www.pcnen.com\/portal\/wp-json\/wp\/v2\/types\/post"}],"author":[{"embeddable":true,"href":"https:\/\/www.pcnen.com\/portal\/wp-json\/wp\/v2\/users\/1"}],"replies":[{"embeddable":true,"href":"https:\/\/www.pcnen.com\/portal\/wp-json\/wp\/v2\/comments?post=354574"}],"version-history":[{"count":2,"href":"https:\/\/www.pcnen.com\/portal\/wp-json\/wp\/v2\/posts\/354574\/revisions"}],"predecessor-version":[{"id":354576,"href":"https:\/\/www.pcnen.com\/portal\/wp-json\/wp\/v2\/posts\/354574\/revisions\/354576"}],"wp:featuredmedia":[{"embeddable":true,"href":"https:\/\/www.pcnen.com\/portal\/wp-json\/wp\/v2\/media\/314322"}],"wp:attachment":[{"href":"https:\/\/www.pcnen.com\/portal\/wp-json\/wp\/v2\/media?parent=354574"}],"wp:term":[{"taxonomy":"category","embeddable":true,"href":"https:\/\/www.pcnen.com\/portal\/wp-json\/wp\/v2\/categories?post=354574"},{"taxonomy":"post_tag","embeddable":true,"href":"https:\/\/www.pcnen.com\/portal\/wp-json\/wp\/v2\/tags?post=354574"}],"curies":[{"name":"wp","href":"https:\/\/api.w.org\/{rel}","templated":true}]}}