{"id":354552,"date":"2022-09-06T09:40:35","date_gmt":"2022-09-06T07:40:35","guid":{"rendered":"https:\/\/www.pcnen.com\/portal\/?p=354552"},"modified":"2022-09-06T09:40:35","modified_gmt":"2022-09-06T07:40:35","slug":"konatar-abazovica-treba-pustiti-da-zavrsi-zapocetu-borbu-protiv-kriminala","status":"publish","type":"post","link":"https:\/\/www.pcnen.com\/portal\/2022\/09\/06\/konatar-abazovica-treba-pustiti-da-zavrsi-zapocetu-borbu-protiv-kriminala\/","title":{"rendered":"Konatar: Abazovi\u0107a treba pustiti da zavr\u0161i zapo\u010detu borbu protiv kriminala"},"content":{"rendered":"<p>Kako je dodao &#8220;od kada je Dritan Abazovi\u0107 postao premijer Vlade gra\u0111ani su mogli da svjedo\u010de, ne samo njegovoj posve\u0107enosti, hrabrosti i liderstvu u borbi protiv kriminala i korupcije, ve\u0107 i jasnim rezultatima kakvih nije bilo u prethodnih 30 godina&#8221;.<\/p>\n<p>&#8220;Bilo bi pogre\u0161no u ovom trenutku zaustaviti Abazovi\u0107a, koji je uz ekipu hrabrih tu\u017eilaca zadao kriminalu i korupciji sna\u017ean udarac. Ne smijemo dozvoliti organizovanom kriminalu u Crnoj Gori priliku za predah, niti osje\u0107aj da mogu izbje\u0107i ruku pravde koja je krenula. Pozicija premijera nije stvar za igru, nije to ni pitanje partijske pripadnosti, ve\u0107 je pitanje rezultata koje ostvarite. Mi u Gra\u0111anskom pokretu URA, kao i mnogi gra\u0111ani Crne Gore, smatramo da je Dritan Abazovi\u0107 do sada uradio odli\u010dan posao, donosio te\u0161ke i va\u017ene odluke i da je za sto dana uradio vi\u0161e nego drugi za 100 mjeseci&#8221;, rekao je Konatar.<\/p>\n<p>On je ponovio da su spremni da u razgovorima razmijene argumente i sugestije, ali da zbog stabilnosti, nadolaze\u0107e krize, kao i nastavka borbe protiv kriminala i korupcije &#8211; Dritanu Abazovi\u0107u treba omogu\u0107iti da zavr\u0161i zapo\u010deti posao.<\/p>\n<p>&#8220;Kada imate premijera koji dobro radi svoj posao i ostvari rezultate, ne mijenjate ga zbog uskopartijskih interesa i ambicija, ve\u0107 svi moraju imati na umu interes gra\u0111ana i odgovornost koju nosimo pred njima. A kada je neko kao Dritan Abazovi\u0107 spreman da rizikuje i vlastiti \u017eivot zbog dobra gra\u0111ana i dr\u017eave Crne Gore, onda taj neko zaslu\u017euje priliku da zavr\u0161i zapo\u010deti posao&#8221;, zaklju\u010dio je Konatar, prenose Vijesti.<\/p>\n","protected":false},"excerpt":{"rendered":"<p>Potpredsjednik Gra\u0111anskog pokreta URA (GP URA) Milo\u0161 Konatar rekao je da premijera u tehni\u010dkom mandatu Dritana Abazovi\u0107a treba pustiti da zavr\u0161i zapo\u010detu borbu protiv kriminala.<\/p>\n","protected":false},"author":1,"featured_media":0,"comment_status":"open","ping_status":"closed","sticky":false,"template":"","format":"standard","meta":{"_seopress_robots_primary_cat":"","_seopress_titles_title":"","_seopress_titles_desc":"","_seopress_robots_index":"","_et_pb_use_builder":"","_et_pb_old_content":"","_et_gb_content_width":"","inline_featured_image":false,"footnotes":""},"categories":[14],"tags":[],"class_list":["post-354552","post","type-post","status-publish","format-standard","hentry","category-vijesti"],"_links":{"self":[{"href":"https:\/\/www.pcnen.com\/portal\/wp-json\/wp\/v2\/posts\/354552","targetHints":{"allow":["GET"]}}],"collection":[{"href":"https:\/\/www.pcnen.com\/portal\/wp-json\/wp\/v2\/posts"}],"about":[{"href":"https:\/\/www.pcnen.com\/portal\/wp-json\/wp\/v2\/types\/post"}],"author":[{"embeddable":true,"href":"https:\/\/www.pcnen.com\/portal\/wp-json\/wp\/v2\/users\/1"}],"replies":[{"embeddable":true,"href":"https:\/\/www.pcnen.com\/portal\/wp-json\/wp\/v2\/comments?post=354552"}],"version-history":[{"count":1,"href":"https:\/\/www.pcnen.com\/portal\/wp-json\/wp\/v2\/posts\/354552\/revisions"}],"predecessor-version":[{"id":354553,"href":"https:\/\/www.pcnen.com\/portal\/wp-json\/wp\/v2\/posts\/354552\/revisions\/354553"}],"wp:attachment":[{"href":"https:\/\/www.pcnen.com\/portal\/wp-json\/wp\/v2\/media?parent=354552"}],"wp:term":[{"taxonomy":"category","embeddable":true,"href":"https:\/\/www.pcnen.com\/portal\/wp-json\/wp\/v2\/categories?post=354552"},{"taxonomy":"post_tag","embeddable":true,"href":"https:\/\/www.pcnen.com\/portal\/wp-json\/wp\/v2\/tags?post=354552"}],"curies":[{"name":"wp","href":"https:\/\/api.w.org\/{rel}","templated":true}]}}