{"id":354539,"date":"2022-09-05T20:54:51","date_gmt":"2022-09-05T18:54:51","guid":{"rendered":"https:\/\/www.pcnen.com\/portal\/?p=354539"},"modified":"2022-09-05T20:54:51","modified_gmt":"2022-09-05T18:54:51","slug":"najvisa-dnevna-temperatura-do-33-stepena-3","status":"publish","type":"post","link":"https:\/\/www.pcnen.com\/portal\/2022\/09\/05\/najvisa-dnevna-temperatura-do-33-stepena-3\/","title":{"rendered":"Najvi\u0161a dnevna temperatura do 33 stepena"},"content":{"rendered":"<p>Vjetar promjenljivog smjera bi\u0107e slab do umjeren.<\/p>\n<p>Jutarnja temperatura vazduha bi\u0107e u rasponu od 8 do 19, a najvi\u0161a dnevna od 22 do 33 stepena.<\/p>\n<p>U Podgorici bi\u0107e prete\u017eno sun\u010dano.<\/p>\n<p>Vjetar \u0107e, uglavnom, biti slab i promjenljiv.<\/p>\n<p>Jutarnja temperatura vazduha bi\u0107e 19, a najvi\u0161a dnevna oko 33 stepena.<\/p>\n<p><a href=\"http:\/\/www.meteo.co.me\/page.php?id=31\" target=\"_blank\" rel=\"noopener\">Ra\u010dunarska prognoza.<\/a><\/p>\n","protected":false},"excerpt":{"rendered":"<p>Prete\u017eno sun\u010dano bi\u0107e u Crnoj Gori, uz mali, ponegdje i umjereni razvoj oblaka u popodnevnim satima. Na sjeveru zemlje \u0107e tokom jutra biti ponegdje umjerene obla\u010dnosti ili magle.<\/p>\n","protected":false},"author":1,"featured_media":322935,"comment_status":"open","ping_status":"closed","sticky":false,"template":"","format":"standard","meta":{"_seopress_robots_primary_cat":"","_seopress_titles_title":"","_seopress_titles_desc":"","_seopress_robots_index":"","_et_pb_use_builder":"","_et_pb_old_content":"","_et_gb_content_width":"","inline_featured_image":false,"footnotes":""},"categories":[14],"tags":[],"class_list":["post-354539","post","type-post","status-publish","format-standard","has-post-thumbnail","hentry","category-vijesti"],"_links":{"self":[{"href":"https:\/\/www.pcnen.com\/portal\/wp-json\/wp\/v2\/posts\/354539","targetHints":{"allow":["GET"]}}],"collection":[{"href":"https:\/\/www.pcnen.com\/portal\/wp-json\/wp\/v2\/posts"}],"about":[{"href":"https:\/\/www.pcnen.com\/portal\/wp-json\/wp\/v2\/types\/post"}],"author":[{"embeddable":true,"href":"https:\/\/www.pcnen.com\/portal\/wp-json\/wp\/v2\/users\/1"}],"replies":[{"embeddable":true,"href":"https:\/\/www.pcnen.com\/portal\/wp-json\/wp\/v2\/comments?post=354539"}],"version-history":[{"count":1,"href":"https:\/\/www.pcnen.com\/portal\/wp-json\/wp\/v2\/posts\/354539\/revisions"}],"predecessor-version":[{"id":354540,"href":"https:\/\/www.pcnen.com\/portal\/wp-json\/wp\/v2\/posts\/354539\/revisions\/354540"}],"wp:featuredmedia":[{"embeddable":true,"href":"https:\/\/www.pcnen.com\/portal\/wp-json\/wp\/v2\/media\/322935"}],"wp:attachment":[{"href":"https:\/\/www.pcnen.com\/portal\/wp-json\/wp\/v2\/media?parent=354539"}],"wp:term":[{"taxonomy":"category","embeddable":true,"href":"https:\/\/www.pcnen.com\/portal\/wp-json\/wp\/v2\/categories?post=354539"},{"taxonomy":"post_tag","embeddable":true,"href":"https:\/\/www.pcnen.com\/portal\/wp-json\/wp\/v2\/tags?post=354539"}],"curies":[{"name":"wp","href":"https:\/\/api.w.org\/{rel}","templated":true}]}}