{"id":354536,"date":"2022-09-05T20:24:52","date_gmt":"2022-09-05T18:24:52","guid":{"rendered":"https:\/\/www.pcnen.com\/portal\/?p=354536"},"modified":"2022-09-05T20:24:52","modified_gmt":"2022-09-05T18:24:52","slug":"njemacka-trazi-oprost-zbog-masakra-na-oi-u-minhenu-1972","status":"publish","type":"post","link":"https:\/\/www.pcnen.com\/portal\/2022\/09\/05\/njemacka-trazi-oprost-zbog-masakra-na-oi-u-minhenu-1972\/","title":{"rendered":"Njema\u010dka tra\u017ei &#8216;oprost&#8217; zbog masakra na OI u Minhenu 1972."},"content":{"rendered":"<p>Izvinjenje predsjednika Frank-Waltera Steinmeiera u ime Njema\u010dke 50 godina kasnije do\u0161la je nakon ogor\u010dene i duge borbe o\u017ealo\u0161\u0107enih ro\u0111aka za primjerenu od\u0161tetu i toga da Berlin prizna svoje gre\u0161ke koje su dovele do masakra, prenosi RSE.<\/p>\n<p>&#8220;Ne mo\u017eemo nadoknaditi ono \u0161to se dogodilo, \u010dak ni ono \u0161to ste do\u017eivjeli i pretrpjeli u smislu odbrambenog pona\u0161anja, neznanja i nepravde. Sramim se toga&#8221;, rekao je Steinmeier na sve\u010danoj ceremoniji u vazdu\u0161noj bazi Fuerstenfeldbruck gdje se desio napad.<\/p>\n<p>Osam naoru\u017eanih napada\u010da palestinske militantne grupe Crni septembar upali su u stan izraelskog tima u olimpijskom selu 5. septembra 1972. godine, ubili dvojicu i uzeli devet Izraelaca za taoce.<\/p>\n<p>Zapadnonjema\u010dka policija odgovorila je neuspje\u0161nom operacijom spa\u0161avanja u kojoj je ubijeno svih devet talaca, zajedno sa pet od osam otmi\u010dara i jednim policajcem.<\/p>\n<p>Uprkos tragediji, Me\u0111unarodni olimpijski odbor je ujutro 6. septembra objavio da \u0107e se Igre nastaviti.<\/p>\n<p>O\u017ealo\u0161\u0107ena rodbina godinama se borila da od Njema\u010dke dobije zvani\u010dno izvinjenje, pristup slu\u017ebenim dokumentima i odgovaraju\u0107u od\u0161tetu.<\/p>\n","protected":false},"excerpt":{"rendered":"<p>Njema\u010dka je danas zatra\u017eila &#8220;oprost&#8221; od porodica \u017ertava u napadu na Olimpijskim igrama u Minhenu 1972. godine, priznaju\u0107i odgovornost za niz propusta koji su doveli do smrti 11 Izraelaca. (Foto:BBC)<\/p>\n","protected":false},"author":1,"featured_media":0,"comment_status":"open","ping_status":"closed","sticky":false,"template":"","format":"standard","meta":{"_seopress_robots_primary_cat":"","_seopress_titles_title":"","_seopress_titles_desc":"","_seopress_robots_index":"","_et_pb_use_builder":"","_et_pb_old_content":"","_et_gb_content_width":"","inline_featured_image":false,"footnotes":""},"categories":[14],"tags":[],"class_list":["post-354536","post","type-post","status-publish","format-standard","hentry","category-vijesti"],"_links":{"self":[{"href":"https:\/\/www.pcnen.com\/portal\/wp-json\/wp\/v2\/posts\/354536","targetHints":{"allow":["GET"]}}],"collection":[{"href":"https:\/\/www.pcnen.com\/portal\/wp-json\/wp\/v2\/posts"}],"about":[{"href":"https:\/\/www.pcnen.com\/portal\/wp-json\/wp\/v2\/types\/post"}],"author":[{"embeddable":true,"href":"https:\/\/www.pcnen.com\/portal\/wp-json\/wp\/v2\/users\/1"}],"replies":[{"embeddable":true,"href":"https:\/\/www.pcnen.com\/portal\/wp-json\/wp\/v2\/comments?post=354536"}],"version-history":[{"count":1,"href":"https:\/\/www.pcnen.com\/portal\/wp-json\/wp\/v2\/posts\/354536\/revisions"}],"predecessor-version":[{"id":354538,"href":"https:\/\/www.pcnen.com\/portal\/wp-json\/wp\/v2\/posts\/354536\/revisions\/354538"}],"wp:attachment":[{"href":"https:\/\/www.pcnen.com\/portal\/wp-json\/wp\/v2\/media?parent=354536"}],"wp:term":[{"taxonomy":"category","embeddable":true,"href":"https:\/\/www.pcnen.com\/portal\/wp-json\/wp\/v2\/categories?post=354536"},{"taxonomy":"post_tag","embeddable":true,"href":"https:\/\/www.pcnen.com\/portal\/wp-json\/wp\/v2\/tags?post=354536"}],"curies":[{"name":"wp","href":"https:\/\/api.w.org\/{rel}","templated":true}]}}