{"id":354532,"date":"2022-09-05T20:12:28","date_gmt":"2022-09-05T18:12:28","guid":{"rendered":"https:\/\/www.pcnen.com\/portal\/?p=354532"},"modified":"2022-09-05T20:12:28","modified_gmt":"2022-09-05T18:12:28","slug":"izraelski-vojnik-vjerovatno-greskom-ubio-novinarku-al-jazeere","status":"publish","type":"post","link":"https:\/\/www.pcnen.com\/portal\/2022\/09\/05\/izraelski-vojnik-vjerovatno-greskom-ubio-novinarku-al-jazeere\/","title":{"rendered":"Izraelski vojnik &#8216;vjerovatno gre\u0161kom&#8217; ubio novinarku Al Jazeere"},"content":{"rendered":"<p>Visoki vojni zvani\u010dnik rekao je da najvi\u0161i vojni pravni savjetnik ne\u0107e pokretati krivi\u010dnu istragu incidenta, \u0161to zna\u010di da ni vojnik, ni niko od nadle\u017enih ne\u0107e biti ka\u017enjen.<\/p>\n<p>Novinarka \u0160irin Abu Akleh ubijena je 11. maja dok je izvje\u0161tavala o izraelskim vojnim racijama na okupiranoj Zapadnoj obali.<\/p>\n<p>Palestinci su okrivili Izrael za ubistvo, a izraelske vlasti su najprije rekle da je mo\u017eda ubila vatra ekstremista, ali je kasnije re\u010deno da je mo\u017eda pogodio vojnik gre\u0161kom tokom razmjene vatre.<\/p>\n<p>Na brifingu za novinare, zvani\u010dnik je rekao da vojska nije mogla kona\u010dno utvrditi odakle je potekla vatra, rekav\u0161i da je bilo naoru\u017eanih Palestinaca u istom podru\u010dju gdje se nalazio izraelski vojnik, prenosi RSE.<\/p>\n<p>Zvani\u010dnik je, me\u0111utim, istakao da je &#8220;vrlo velika vjerovatno\u0107a&#8221; da je vojnik ubio novinarku i to gre\u0161kom, ali nije objasnio za\u0161to svjedoci i videosnimci ukazuju da je bila ograni\u010dena aktivnost ekstremista na tom mjestu, te da nije bilo pucnjave u blizini dok bara\u017ena vatra nije pogodila Abu Akleh i ranila drugog novinara.<\/p>\n<p>Rezultat istrage, objavljen \u010detiri mjeseca nakon ubistva, uglavnom se poklapa sa nekoliko nezavisnih istraga koje su okon\u010dane mnogo ranije.<\/p>\n<p>&#8220;On je pogre\u0161no identifikovao&#8221;, rekao je anonimni zvani\u010dnik, objasniv\u0161i da to proizlazi iz izvje\u0161taja vojnika.<\/p>\n<p>\u0160irin Abu Akleh, Palestinka, koja je imala i ameri\u010dkog dr\u017eavljanstvo, bila je dobro poznata \u0161irom arapskog svijeta jer je dvije decenije izvje\u0161tavala o doga\u0111ajima na okupiranoj Zapadnoj obali.<\/p>\n<p>&nbsp;<\/p>\n<blockquote class=\"wp-embedded-content\" data-secret=\"NWecYlN8j7\"><p><a href=\"https:\/\/www.pcnen.com\/portal\/2022\/05\/11\/ubijena-novinarka-na-zapadnoj-obali\/\">Ubijena novinarka na Zapadnoj obali (video)<\/a><\/p><\/blockquote>\n<p><iframe loading=\"lazy\" class=\"wp-embedded-content\" sandbox=\"allow-scripts\" security=\"restricted\" style=\"position: absolute; clip: rect(1px, 1px, 1px, 1px);\" title=\"&#8220;Ubijena novinarka na Zapadnoj obali (video)&#8221; &#8212; PCNEN\" src=\"https:\/\/www.pcnen.com\/portal\/2022\/05\/11\/ubijena-novinarka-na-zapadnoj-obali\/embed\/#?secret=LtWanw1q2U#?secret=NWecYlN8j7\" data-secret=\"NWecYlN8j7\" width=\"600\" height=\"338\" frameborder=\"0\" marginwidth=\"0\" marginheight=\"0\" scrolling=\"no\"><\/iframe><\/p>\n","protected":false},"excerpt":{"rendered":"<p>Izraelska vojska je saop\u0161tila da je, sude\u0107i prema rezultatima istrage, izraelski vojnik, vjerovatno gre\u0161kom, proljetos ubio dugogodi\u0161nju novinarku Al Jazeere \u0160irin Abu Akleh<\/p>\n","protected":false},"author":1,"featured_media":345308,"comment_status":"open","ping_status":"closed","sticky":false,"template":"","format":"standard","meta":{"_seopress_robots_primary_cat":"","_seopress_titles_title":"","_seopress_titles_desc":"","_seopress_robots_index":"","_et_pb_use_builder":"","_et_pb_old_content":"","_et_gb_content_width":"","inline_featured_image":false,"footnotes":""},"categories":[14],"tags":[],"class_list":["post-354532","post","type-post","status-publish","format-standard","has-post-thumbnail","hentry","category-vijesti"],"_links":{"self":[{"href":"https:\/\/www.pcnen.com\/portal\/wp-json\/wp\/v2\/posts\/354532","targetHints":{"allow":["GET"]}}],"collection":[{"href":"https:\/\/www.pcnen.com\/portal\/wp-json\/wp\/v2\/posts"}],"about":[{"href":"https:\/\/www.pcnen.com\/portal\/wp-json\/wp\/v2\/types\/post"}],"author":[{"embeddable":true,"href":"https:\/\/www.pcnen.com\/portal\/wp-json\/wp\/v2\/users\/1"}],"replies":[{"embeddable":true,"href":"https:\/\/www.pcnen.com\/portal\/wp-json\/wp\/v2\/comments?post=354532"}],"version-history":[{"count":1,"href":"https:\/\/www.pcnen.com\/portal\/wp-json\/wp\/v2\/posts\/354532\/revisions"}],"predecessor-version":[{"id":354533,"href":"https:\/\/www.pcnen.com\/portal\/wp-json\/wp\/v2\/posts\/354532\/revisions\/354533"}],"wp:featuredmedia":[{"embeddable":true,"href":"https:\/\/www.pcnen.com\/portal\/wp-json\/wp\/v2\/media\/345308"}],"wp:attachment":[{"href":"https:\/\/www.pcnen.com\/portal\/wp-json\/wp\/v2\/media?parent=354532"}],"wp:term":[{"taxonomy":"category","embeddable":true,"href":"https:\/\/www.pcnen.com\/portal\/wp-json\/wp\/v2\/categories?post=354532"},{"taxonomy":"post_tag","embeddable":true,"href":"https:\/\/www.pcnen.com\/portal\/wp-json\/wp\/v2\/tags?post=354532"}],"curies":[{"name":"wp","href":"https:\/\/api.w.org\/{rel}","templated":true}]}}