{"id":354528,"date":"2022-09-05T18:46:35","date_gmt":"2022-09-05T16:46:35","guid":{"rendered":"https:\/\/www.pcnen.com\/portal\/?p=354528"},"modified":"2022-09-05T18:46:35","modified_gmt":"2022-09-05T16:46:35","slug":"lekic-dogovor-moguc","status":"publish","type":"post","link":"https:\/\/www.pcnen.com\/portal\/2022\/09\/05\/lekic-dogovor-moguc\/","title":{"rendered":"Leki\u0107: Dogovor mogu\u0107"},"content":{"rendered":"<p>Govore\u0107i o sjutra\u0161njem sastanku lidera ve\u0107ine od 30. avgusta 2020., Leki\u0107 je rekao da je zasad uzet pravac prema rje\u0161enju koje je, po ve\u0107inskoj reakciji javnosti, obradovalo gra\u0111ane.<\/p>\n<p>\u201cDogovorom prije tri dana napravljen je zna\u010dajan, ipak po\u010detni korak. Ovoga puta bez spoljnih, pravno-ustavno gledano neregularnih formacija razli\u010ditog tipa, prethodno umije\u0161anih u sastavljanje eksperimentalnih vlada i ukupnog sistema vlasti\u201d, rekao je Leki\u0107.<\/p>\n<p>\u201cSada se proces, kona\u010dno regularan, nastavlja. U vrlo kratkom vremenskom roku. Sljede\u0107a faza, ve\u0107 sjutra, je odlu\u010duju\u0107a. Ponovo je na ispitu odgovornost, ta su\u0161tinska odredba javnog djelovanja. Treba vjerovati da ne\u0107e prevladati dvije latentne, obje provincijalno-kalkulantske tendencije.<\/p>\n<p>Da se umjesto preuzimanja odgovornosti, na osnovama ispoljene volje gra\u0111ana i saop\u0161tenih programa pristupi miniranju konstituisanja regularne vlasti. Recimo, izazovom neodgovorne svijesti i te\u017enji da se u nekom nekontrolisanom stanju partijskih kalkulacija, egoizma i kadrovskih halapljivosti tra\u017ei dio &#8220;svog plijena&#8221;, \u00a0kao ne\u0161to zna\u010dajnije od op\u0161teg interesa.<\/p>\n<p>&nbsp;<\/p>\n<p>Drugo, da se tako\u0111e nedoraslo i provincijski potpadne pod operativni uticaj sa neke strane. Ako su takve operacije do sada lako prolazile, ovoga puta ne\u0107e, bar ne lako. Raspravili bismo to javno, s pravom argumentovanog otpora tendencijama neokolonijalnih uticaja i doma\u0107e protektoratske svijesti\u201d, rekao je Leki\u0107.<\/p>\n","protected":false},"excerpt":{"rendered":"<p>Posljednji je \u010das da se poslije nevjerovatnih eksperimenata sa dvije vlade &#8220;drznemo&#8221; i uradimo ono \u0161to \u010dini \u010ditav demokratski svijet. Da se konstitui\u0161u organi vlasti na osnovu posljednjih izbora i rezultata na njima, poru\u010dio je u intervjuu za RTCG poslanik i lider Demosa Miodrag Leki\u0107.<\/p>\n","protected":false},"author":1,"featured_media":301064,"comment_status":"open","ping_status":"closed","sticky":false,"template":"","format":"standard","meta":{"_seopress_robots_primary_cat":"","_seopress_titles_title":"","_seopress_titles_desc":"","_seopress_robots_index":"","_et_pb_use_builder":"","_et_pb_old_content":"","_et_gb_content_width":"","inline_featured_image":false,"footnotes":""},"categories":[14],"tags":[],"class_list":["post-354528","post","type-post","status-publish","format-standard","has-post-thumbnail","hentry","category-vijesti"],"_links":{"self":[{"href":"https:\/\/www.pcnen.com\/portal\/wp-json\/wp\/v2\/posts\/354528","targetHints":{"allow":["GET"]}}],"collection":[{"href":"https:\/\/www.pcnen.com\/portal\/wp-json\/wp\/v2\/posts"}],"about":[{"href":"https:\/\/www.pcnen.com\/portal\/wp-json\/wp\/v2\/types\/post"}],"author":[{"embeddable":true,"href":"https:\/\/www.pcnen.com\/portal\/wp-json\/wp\/v2\/users\/1"}],"replies":[{"embeddable":true,"href":"https:\/\/www.pcnen.com\/portal\/wp-json\/wp\/v2\/comments?post=354528"}],"version-history":[{"count":1,"href":"https:\/\/www.pcnen.com\/portal\/wp-json\/wp\/v2\/posts\/354528\/revisions"}],"predecessor-version":[{"id":354529,"href":"https:\/\/www.pcnen.com\/portal\/wp-json\/wp\/v2\/posts\/354528\/revisions\/354529"}],"wp:featuredmedia":[{"embeddable":true,"href":"https:\/\/www.pcnen.com\/portal\/wp-json\/wp\/v2\/media\/301064"}],"wp:attachment":[{"href":"https:\/\/www.pcnen.com\/portal\/wp-json\/wp\/v2\/media?parent=354528"}],"wp:term":[{"taxonomy":"category","embeddable":true,"href":"https:\/\/www.pcnen.com\/portal\/wp-json\/wp\/v2\/categories?post=354528"},{"taxonomy":"post_tag","embeddable":true,"href":"https:\/\/www.pcnen.com\/portal\/wp-json\/wp\/v2\/tags?post=354528"}],"curies":[{"name":"wp","href":"https:\/\/api.w.org\/{rel}","templated":true}]}}