{"id":354526,"date":"2022-09-05T17:44:25","date_gmt":"2022-09-05T15:44:25","guid":{"rendered":"https:\/\/www.pcnen.com\/portal\/?p=354526"},"modified":"2022-09-05T17:44:25","modified_gmt":"2022-09-05T15:44:25","slug":"pes-pozdravljamo-potez-abazovica-steta-sto-je-s-davolom-tikve-sadio","status":"publish","type":"post","link":"https:\/\/www.pcnen.com\/portal\/2022\/09\/05\/pes-pozdravljamo-potez-abazovica-steta-sto-je-s-davolom-tikve-sadio\/","title":{"rendered":"PES: Pozdravljamo potez Abazovi\u0107a, \u0161teta \u0161to je s \u0111avolom tikve sadio"},"content":{"rendered":"<p>Vjerujemo da \u0107e nezavisno tu\u017eila\u0161tvo sprovesti radnje iz svoje nadle\u017enosti i istra\u017eiti Abazovi\u0107eve navode, pi\u0161e na stranici Pokreta Evropa sad.<\/p>\n<p>S druge strane, \u017ealimo \u0161to se premijer u tehni\u010dkom mandatu odlu\u010dio na ovakav potez tek kad je pod znak pitanja dovedena Vlada, koju je sastavio kao plod koalicije upravo sa onima koje je ozna\u010dio kao glavne aktere kriminalnih radnji, prethodno ru\u0161e\u0107i sopstvenu, prvu demokratsku, Vladu.<\/p>\n<p>Takvim potezom je pokazao da je izme\u0111u borbe protiv organizovanog kriminala i premijerske fotelje, birao ovo drugo. Ipak, nadamo se da kolega Abazovi\u0107 kona\u010dno shvata neracionalnost i kontraproduktivnost svojih poteza iz februara i aprila ove godine, te da ne\u0107e vi\u0161e dozvoliti da bude tako eklatantan primjer narodne poslovice da ko s \u0111avolom tikve sadi, o glavu mu se obijaju.<\/p>\n<p>&nbsp;<\/p>\n<blockquote class=\"wp-embedded-content\" data-secret=\"NGK1QlM4KS\"><p><a href=\"https:\/\/www.pcnen.com\/portal\/2022\/09\/05\/abazovic-ocekujem-da-se-pokrene-lavina-govorio-sam-o-imenima-video\/\">Abazovi\u0107: O\u010dekujem da se pokrene lavina, govorio sam o imenima (video)<\/a><\/p><\/blockquote>\n<p><iframe loading=\"lazy\" class=\"wp-embedded-content\" sandbox=\"allow-scripts\" security=\"restricted\" style=\"position: absolute; clip: rect(1px, 1px, 1px, 1px);\" title=\"&#8220;Abazovi\u0107: O\u010dekujem da se pokrene lavina, govorio sam o imenima (video)&#8221; &#8212; PCNEN\" src=\"https:\/\/www.pcnen.com\/portal\/2022\/09\/05\/abazovic-ocekujem-da-se-pokrene-lavina-govorio-sam-o-imenima-video\/embed\/#?secret=z86ejwMYIG#?secret=NGK1QlM4KS\" data-secret=\"NGK1QlM4KS\" width=\"600\" height=\"338\" frameborder=\"0\" marginwidth=\"0\" marginheight=\"0\" scrolling=\"no\"><\/iframe><\/p>\n","protected":false},"excerpt":{"rendered":"<p>Pozdravljamo odluku Dritana Abazovi\u0107a da pru\u017ei svoj doprinos u borbi protiv \u0161verca cigareta i konkretizuje saznanja koja je iznio prilikom pada DPS-SDP-URA-SNP Vlade.<\/p>\n","protected":false},"author":1,"featured_media":348615,"comment_status":"open","ping_status":"closed","sticky":false,"template":"","format":"standard","meta":{"_seopress_robots_primary_cat":"","_seopress_titles_title":"","_seopress_titles_desc":"","_seopress_robots_index":"","_et_pb_use_builder":"","_et_pb_old_content":"","_et_gb_content_width":"","inline_featured_image":false,"footnotes":""},"categories":[14],"tags":[],"class_list":["post-354526","post","type-post","status-publish","format-standard","has-post-thumbnail","hentry","category-vijesti"],"_links":{"self":[{"href":"https:\/\/www.pcnen.com\/portal\/wp-json\/wp\/v2\/posts\/354526","targetHints":{"allow":["GET"]}}],"collection":[{"href":"https:\/\/www.pcnen.com\/portal\/wp-json\/wp\/v2\/posts"}],"about":[{"href":"https:\/\/www.pcnen.com\/portal\/wp-json\/wp\/v2\/types\/post"}],"author":[{"embeddable":true,"href":"https:\/\/www.pcnen.com\/portal\/wp-json\/wp\/v2\/users\/1"}],"replies":[{"embeddable":true,"href":"https:\/\/www.pcnen.com\/portal\/wp-json\/wp\/v2\/comments?post=354526"}],"version-history":[{"count":1,"href":"https:\/\/www.pcnen.com\/portal\/wp-json\/wp\/v2\/posts\/354526\/revisions"}],"predecessor-version":[{"id":354527,"href":"https:\/\/www.pcnen.com\/portal\/wp-json\/wp\/v2\/posts\/354526\/revisions\/354527"}],"wp:featuredmedia":[{"embeddable":true,"href":"https:\/\/www.pcnen.com\/portal\/wp-json\/wp\/v2\/media\/348615"}],"wp:attachment":[{"href":"https:\/\/www.pcnen.com\/portal\/wp-json\/wp\/v2\/media?parent=354526"}],"wp:term":[{"taxonomy":"category","embeddable":true,"href":"https:\/\/www.pcnen.com\/portal\/wp-json\/wp\/v2\/categories?post=354526"},{"taxonomy":"post_tag","embeddable":true,"href":"https:\/\/www.pcnen.com\/portal\/wp-json\/wp\/v2\/tags?post=354526"}],"curies":[{"name":"wp","href":"https:\/\/api.w.org\/{rel}","templated":true}]}}