{"id":354514,"date":"2022-09-05T16:26:57","date_gmt":"2022-09-05T14:26:57","guid":{"rendered":"https:\/\/www.pcnen.com\/portal\/?p=354514"},"modified":"2022-09-05T16:26:57","modified_gmt":"2022-09-05T14:26:57","slug":"uljarevic-sporazum-vecine-od-30-avgusta-politicka-sizofrenija-video","status":"publish","type":"post","link":"https:\/\/www.pcnen.com\/portal\/2022\/09\/05\/uljarevic-sporazum-vecine-od-30-avgusta-politicka-sizofrenija-video\/","title":{"rendered":"Uljarevi\u0107: Sporazum ve\u0107ine od 30. avgusta politi\u010dka \u0161izofrenija (video)"},"content":{"rendered":"<p>Taj sporazum su, podsje\u0107a, potpisali predstavnici GP URA koji su imali klju\u010dnu poziciju u Vladi kroz podr\u0161ku DPS-a, a \u010dak su i neki kadrovi DF-a izabrani uz podr\u0161ku DPS-a.<\/p>\n<p>\u201cU politici je vrlo \u2018politi\u010dki nepametno\u2019 zakucavati se sa kim \u0107ete personalno sara\u0111ivati ili ne. Treba da vas opredjeljuju principi i interesi u datoj situaciji. Da li to zna\u010di da u Skup\u0161tini tako\u0111e ne\u0107ete glasati sa DPS-om, ukoliko je rij\u010d o zakonima od javnog interesa\u201d, upitala je Uljarevi\u0107.<\/p>\n<p>To je, nagla\u0161ava, u potpunoj u suprotnosti sa onim \u0161to je prvi sporazum predvi\u0111ao, \u0161to se i sada kao neka vrsta obe\u0107anja provla\u010di, a to je da ne\u0107e biti revan\u0161izma, jer vi ne procjenjujete vi\u0161e ljude po tome \u0161to oni znaju i mogu, nego po tome kojoj partiji pripadaju.<\/p>\n<p>Zakucavati se na taj na\u010din \u2018Nikada vi\u0161e sa DPS-om\u2019, nezavisno od toga \u0161to sva kritika onome \u0161to je bila prethodna vlast DPS-a stoji, nije, smatra, u\u010dinkovito i ne mo\u017ee da razrije\u0161i ovu krizu.<\/p>\n<p>\u201cNa kraju, ta \u0107e vam ve\u0107ina trebati za odluke u nekoj Skup\u0161tini Crne Gore\u201d, dodaje Uljarevi\u0107.<\/p>\n<p>U ovom trenutku, dodaje, mo\u017ee se samo licitirati ko bi mogao biti novi premijer.<\/p>\n<p>\u201cZnamo da je Andrija Mandi\u0107, jedan od lidera DF-a, tu kandidaturu i sam istakao. Nesumnjivo da \u0107e aktuelni premijer u tehni\u010dkom mandatu, Dritan Abazovi\u0107, imati istu vrstu ambicije ili makar da ima neku drugu poziciju u toj hijerarhiji. Da li \u0107e Aleksa Be\u010di\u0107 u toj raspodjeli imati ponudu da ponovo bude predsjednik Skup\u0161tine ili da bude u izvr\u0161noj vlasti, to je drugo pitanje\u201d, kazala je Uljarevi\u0107.<\/p>\n<p>Ona je zaklju\u010dila da je osnovno da li pravite svjesno Vladu sa nekim ko je potpuno nepo\u017eeljan partner Zapadu, \u010dime se Crna Gora udaljava od EU, ili pravite vladu koja mo\u017ee da bude partner Zapadu i koja bi radila na demokratizaciji crnogorskog dru\u0161tva.<\/p>\n<p><iframe loading=\"lazy\" title=\"YouTube video player\" src=\"https:\/\/www.youtube.com\/embed\/j_03pxtqosA\" width=\"560\" height=\"315\" frameborder=\"0\" allowfullscreen=\"allowfullscreen\"><\/iframe><\/p>\n<p>&nbsp;<\/p>\n","protected":false},"excerpt":{"rendered":"<p>Sporazum ve\u0107ine od 30. avgusta u kojem je prva stavka da nijedna partija ne \u017eeli u koaliciju sa DPS-om, dok su evropske integracije na dnu, je politi\u010dka \u0161izofrenija, ocijenila je izvr\u0161na direktorica Centra za gra\u0111ansko obrazovanje Daliborka Uljarevi\u0107, u emisiji \u201cZnam da zna\u0161\u201d Gradske televizije.<\/p>\n","protected":false},"author":1,"featured_media":334330,"comment_status":"open","ping_status":"closed","sticky":false,"template":"","format":"standard","meta":{"_seopress_robots_primary_cat":"","_seopress_titles_title":"","_seopress_titles_desc":"","_seopress_robots_index":"","_et_pb_use_builder":"","_et_pb_old_content":"","_et_gb_content_width":"","inline_featured_image":false,"footnotes":""},"categories":[14],"tags":[],"class_list":["post-354514","post","type-post","status-publish","format-standard","has-post-thumbnail","hentry","category-vijesti"],"_links":{"self":[{"href":"https:\/\/www.pcnen.com\/portal\/wp-json\/wp\/v2\/posts\/354514","targetHints":{"allow":["GET"]}}],"collection":[{"href":"https:\/\/www.pcnen.com\/portal\/wp-json\/wp\/v2\/posts"}],"about":[{"href":"https:\/\/www.pcnen.com\/portal\/wp-json\/wp\/v2\/types\/post"}],"author":[{"embeddable":true,"href":"https:\/\/www.pcnen.com\/portal\/wp-json\/wp\/v2\/users\/1"}],"replies":[{"embeddable":true,"href":"https:\/\/www.pcnen.com\/portal\/wp-json\/wp\/v2\/comments?post=354514"}],"version-history":[{"count":1,"href":"https:\/\/www.pcnen.com\/portal\/wp-json\/wp\/v2\/posts\/354514\/revisions"}],"predecessor-version":[{"id":354515,"href":"https:\/\/www.pcnen.com\/portal\/wp-json\/wp\/v2\/posts\/354514\/revisions\/354515"}],"wp:featuredmedia":[{"embeddable":true,"href":"https:\/\/www.pcnen.com\/portal\/wp-json\/wp\/v2\/media\/334330"}],"wp:attachment":[{"href":"https:\/\/www.pcnen.com\/portal\/wp-json\/wp\/v2\/media?parent=354514"}],"wp:term":[{"taxonomy":"category","embeddable":true,"href":"https:\/\/www.pcnen.com\/portal\/wp-json\/wp\/v2\/categories?post=354514"},{"taxonomy":"post_tag","embeddable":true,"href":"https:\/\/www.pcnen.com\/portal\/wp-json\/wp\/v2\/tags?post=354514"}],"curies":[{"name":"wp","href":"https:\/\/api.w.org\/{rel}","templated":true}]}}