{"id":354512,"date":"2022-09-05T16:09:01","date_gmt":"2022-09-05T14:09:01","guid":{"rendered":"https:\/\/www.pcnen.com\/portal\/?p=354512"},"modified":"2022-09-05T16:09:01","modified_gmt":"2022-09-05T14:09:01","slug":"saem-odbacio-navode-rem-zbog-zabrane-emitovanja-tv-pink","status":"publish","type":"post","link":"https:\/\/www.pcnen.com\/portal\/2022\/09\/05\/saem-odbacio-navode-rem-zbog-zabrane-emitovanja-tv-pink\/","title":{"rendered":"SAEM odbacio navode REM zbog zabrane emitovanja TV PINK"},"content":{"rendered":"<p>Savjet AEM-a podsje\u0107a da je navedena mjera, iako nepopularna u demokratskom dru\u0161tvu, bila neophodna, uva\u017eavaju\u0107i da se radi o pitanju od javnog interesa, odnosno kr\u0161enju standarda propisanih me\u0111unarodnim dokumentima, na \u010dije po\u0161tovanje su se obavezale Crna Gora i Srbija.<\/p>\n<p>\u201cOgrani\u010davanje ovih sadr\u017eaja je srazmjerna i proporcionalna mjera imaju\u0107i u vidu vi\u0161egodi\u0161nje grubo kr\u0161enje svih, me\u0111unarodnim dokumentima utemeljenih, standarda prekograni\u010dnog emitovanja. Zbog toga se iznenadna zainteresovanost REM-a za ovaj slu\u010daj i pozivanje \u010dlanove SAEM-a da ne reaguju, mo\u017ee posmatrati kao poku\u0161aj uticaja na nezavisnost regulatora, \u0161to smatramo neprimjerenim\u201d, isti\u010du u Savjetu AEM-a.<\/p>\n<p>Prilog povodom tragedije koja se desila 12. avgusta na Cetinju predstavlja posljednje u nizu kr\u0161enja koje je rezultiralo odlukom SAEM-a o ograni\u010denju reemitovanje jutarnjeg programa u okviru Pink kanala.<\/p>\n<p>Ovaj prilog je, napominju, vi\u0161estruko povrijedio dostojanstvo i privatnost \u017ertava i njihovih porodica, i s pravom izazvao duboku uznemirenost gra\u0111ana Crne Gore, a prije svega gra\u0111ana Cetinja.<\/p>\n<p>SAEM poziva REM da u okviru svojih nadle\u017enosti nastavi pra\u0107enje rada elektronskih medija kako bi se smanjio obim kr\u0161enja standarda prekograni\u010dnog emitovanja kroz pokretanje adekvatnih postupaka u skladu sa zakonom, a posebno onih koji se odnose na govor mr\u017enje, \u0161irenje nacionalne netrpeljivosti i izazivanje me\u0111unacionalnih tenzija u regionu.<\/p>\n<p>\u201cPostupaju\u0107i i u ovom slu\u010daju u interesu gra\u0111ana Crne Gore, SAEM je nedvosmislen u odluci da za\u0161tita javnog interesa ponekad zahtijeva i sprovo\u0111enje mjere ograni\u010denja. SAEM podr\u017eava svaku dalju saradnju izme\u0111u regulatora i nastavak dobre prakse kakvu smo imali do sad. Ohrabruje \u010dinjenica da na saradnju poziva i REM, u cilju stvaranja regiona sa profesionalnom i odgovornom medijskom scenom\u201d, \u00a0nagla\u0161eno je u saop\u0161tenju.<\/p>\n<p>SAEM je danas svim pru\u017eaocima AVM usluga na zahtjev na teritoriji Crne Gore (Operatorima) dostavio rje\u0161enja kojim se na \u0161est mjeseci ograni\u010dava reemitovanje programskog sadr\u017eaja pod nazivom \u201eNovo jutro\u201c, jutarnjeg programa koji se svakodnevno emituje u okviru TV programa \u201eTV Pink\u201c, \u201eTV Pink M\u201c i \u201eTV Pink plus\u201c.<\/p>\n<p>\u201cOperatorima je nala\u017eeno da, bez odlaganja, a najkasnije 6. septembra, po\u010dev od pono\u0107i, ograni\u010de reemitovanje spornog programskog sadr\u017eaja svakodnevnim zatamnjivanjem u toku reemitovanja\u201d, poru\u010dili su iz Savjeta AEM-a.<\/p>\n<p>&nbsp;<\/p>\n<blockquote class=\"wp-embedded-content\" data-secret=\"G71V1UcyeO\"><p><a href=\"https:\/\/www.pcnen.com\/portal\/2022\/09\/03\/rem-srbije-ponasanje-crnogorskog-regulatora-politicki-motivisano\/\">REM Srbije: Pona\u0161anje crnogorskog regulatora politi\u010dki motivisano<\/a><\/p><\/blockquote>\n<p><iframe loading=\"lazy\" class=\"wp-embedded-content\" sandbox=\"allow-scripts\" security=\"restricted\" style=\"position: absolute; clip: rect(1px, 1px, 1px, 1px);\" title=\"&#8220;REM Srbije: Pona\u0161anje crnogorskog regulatora politi\u010dki motivisano&#8221; &#8212; PCNEN\" src=\"https:\/\/www.pcnen.com\/portal\/2022\/09\/03\/rem-srbije-ponasanje-crnogorskog-regulatora-politicki-motivisano\/embed\/#?secret=xV2p10Hvuf#?secret=G71V1UcyeO\" data-secret=\"G71V1UcyeO\" width=\"600\" height=\"338\" frameborder=\"0\" marginwidth=\"0\" marginheight=\"0\" scrolling=\"no\"><\/iframe><\/p>\n<p>&nbsp;<\/p>\n<blockquote class=\"wp-embedded-content\" data-secret=\"Z5IJtdVyIG\"><p><a href=\"https:\/\/www.pcnen.com\/portal\/2022\/09\/02\/savjet-aem-pola-godine-zabrane-za-jutarnji-program-tv-pink-m\/\">Savjet AEM: Pola godine zabrane za jutarnji program TV Pink M<\/a><\/p><\/blockquote>\n<p><iframe loading=\"lazy\" class=\"wp-embedded-content\" sandbox=\"allow-scripts\" security=\"restricted\" style=\"position: absolute; clip: rect(1px, 1px, 1px, 1px);\" title=\"&#8220;Savjet AEM: Pola godine zabrane za jutarnji program TV Pink M&#8221; &#8212; PCNEN\" src=\"https:\/\/www.pcnen.com\/portal\/2022\/09\/02\/savjet-aem-pola-godine-zabrane-za-jutarnji-program-tv-pink-m\/embed\/#?secret=CwD9BEAJZj#?secret=Z5IJtdVyIG\" data-secret=\"Z5IJtdVyIG\" width=\"600\" height=\"338\" frameborder=\"0\" marginwidth=\"0\" marginheight=\"0\" scrolling=\"no\"><\/iframe><\/p>\n","protected":false},"excerpt":{"rendered":"<p>Savjet Agencije za elektronske medije (SAEM) kategori\u010dno je odbacio navode predstavnika Regulatornog tijela za elektronske medije Srbije (REM) koji je ograni\u010davanje emitovanja sadr\u017eaja TV PINK prokomentarisao kao neprofesionalan, politi\u010dki motivisan \u010din.<\/p>\n","protected":false},"author":1,"featured_media":0,"comment_status":"open","ping_status":"closed","sticky":false,"template":"","format":"standard","meta":{"_seopress_robots_primary_cat":"","_seopress_titles_title":"","_seopress_titles_desc":"","_seopress_robots_index":"","_et_pb_use_builder":"","_et_pb_old_content":"","_et_gb_content_width":"","inline_featured_image":false,"footnotes":""},"categories":[14],"tags":[],"class_list":["post-354512","post","type-post","status-publish","format-standard","hentry","category-vijesti"],"_links":{"self":[{"href":"https:\/\/www.pcnen.com\/portal\/wp-json\/wp\/v2\/posts\/354512","targetHints":{"allow":["GET"]}}],"collection":[{"href":"https:\/\/www.pcnen.com\/portal\/wp-json\/wp\/v2\/posts"}],"about":[{"href":"https:\/\/www.pcnen.com\/portal\/wp-json\/wp\/v2\/types\/post"}],"author":[{"embeddable":true,"href":"https:\/\/www.pcnen.com\/portal\/wp-json\/wp\/v2\/users\/1"}],"replies":[{"embeddable":true,"href":"https:\/\/www.pcnen.com\/portal\/wp-json\/wp\/v2\/comments?post=354512"}],"version-history":[{"count":1,"href":"https:\/\/www.pcnen.com\/portal\/wp-json\/wp\/v2\/posts\/354512\/revisions"}],"predecessor-version":[{"id":354513,"href":"https:\/\/www.pcnen.com\/portal\/wp-json\/wp\/v2\/posts\/354512\/revisions\/354513"}],"wp:attachment":[{"href":"https:\/\/www.pcnen.com\/portal\/wp-json\/wp\/v2\/media?parent=354512"}],"wp:term":[{"taxonomy":"category","embeddable":true,"href":"https:\/\/www.pcnen.com\/portal\/wp-json\/wp\/v2\/categories?post=354512"},{"taxonomy":"post_tag","embeddable":true,"href":"https:\/\/www.pcnen.com\/portal\/wp-json\/wp\/v2\/tags?post=354512"}],"curies":[{"name":"wp","href":"https:\/\/api.w.org\/{rel}","templated":true}]}}