{"id":354509,"date":"2022-09-06T12:10:05","date_gmt":"2022-09-06T10:10:05","guid":{"rendered":"https:\/\/www.pcnen.com\/portal\/?p=354509"},"modified":"2022-09-06T12:10:17","modified_gmt":"2022-09-06T10:10:17","slug":"sastanak-lidera-parlamentarne-vecine","status":"publish","type":"post","link":"https:\/\/www.pcnen.com\/portal\/2022\/09\/06\/sastanak-lidera-parlamentarne-vecine\/","title":{"rendered":"Sastanak lidera parlamentarne ve\u0107ine"},"content":{"rendered":"<p>Sastanak \u0107e po\u010deti u 13 \u010dasova u\u00a0 zgradi parlamenta.<\/p>\n<p>Prethodni sastanak &#8220;stare ve\u0107ine&#8221; odr\u017ean je u petak, 2. septembra, i na njemu je potpisan sporazum kojim je, izme\u0111u ostalog, predlo\u017een izbor novog rukovodstva Skup\u0161tine i nove Vlade.<\/p>\n<p>&nbsp;<\/p>\n<blockquote class=\"wp-embedded-content\" data-secret=\"FKxqoRKj8P\"><p><a href=\"https:\/\/www.pcnen.com\/portal\/2022\/09\/04\/mandic-poziva-na-novi-sastanak\/\">Mandi\u0107 poziva na novi sastanak<\/a><\/p><\/blockquote>\n<p><iframe loading=\"lazy\" class=\"wp-embedded-content\" sandbox=\"allow-scripts\" security=\"restricted\" style=\"position: absolute; clip: rect(1px, 1px, 1px, 1px);\" title=\"&#8220;Mandi\u0107 poziva na novi sastanak&#8221; &#8212; PCNEN\" src=\"https:\/\/www.pcnen.com\/portal\/2022\/09\/04\/mandic-poziva-na-novi-sastanak\/embed\/#?secret=IPt60nyEDZ#?secret=FKxqoRKj8P\" data-secret=\"FKxqoRKj8P\" width=\"600\" height=\"338\" frameborder=\"0\" marginwidth=\"0\" marginheight=\"0\" scrolling=\"no\"><\/iframe><\/p>\n","protected":false},"excerpt":{"rendered":"<p>Jedan od lidera DF-a Andrija Mandi\u0107 uputio je poziv za sastanak liderima ve\u0107ine sa izbora 2020. godine da se danas sastanu, radi nastavka dogovora o tome ko bi trebalo da bude u vladi i skup\u0161tinskom rukovodstvu.<\/p>\n","protected":false},"author":1,"featured_media":303411,"comment_status":"open","ping_status":"closed","sticky":false,"template":"","format":"standard","meta":{"_seopress_robots_primary_cat":"","_seopress_titles_title":"","_seopress_titles_desc":"","_seopress_robots_index":"","_et_pb_use_builder":"","_et_pb_old_content":"","_et_gb_content_width":"","inline_featured_image":false,"footnotes":""},"categories":[14],"tags":[],"class_list":["post-354509","post","type-post","status-publish","format-standard","has-post-thumbnail","hentry","category-vijesti"],"_links":{"self":[{"href":"https:\/\/www.pcnen.com\/portal\/wp-json\/wp\/v2\/posts\/354509","targetHints":{"allow":["GET"]}}],"collection":[{"href":"https:\/\/www.pcnen.com\/portal\/wp-json\/wp\/v2\/posts"}],"about":[{"href":"https:\/\/www.pcnen.com\/portal\/wp-json\/wp\/v2\/types\/post"}],"author":[{"embeddable":true,"href":"https:\/\/www.pcnen.com\/portal\/wp-json\/wp\/v2\/users\/1"}],"replies":[{"embeddable":true,"href":"https:\/\/www.pcnen.com\/portal\/wp-json\/wp\/v2\/comments?post=354509"}],"version-history":[{"count":4,"href":"https:\/\/www.pcnen.com\/portal\/wp-json\/wp\/v2\/posts\/354509\/revisions"}],"predecessor-version":[{"id":354564,"href":"https:\/\/www.pcnen.com\/portal\/wp-json\/wp\/v2\/posts\/354509\/revisions\/354564"}],"wp:featuredmedia":[{"embeddable":true,"href":"https:\/\/www.pcnen.com\/portal\/wp-json\/wp\/v2\/media\/303411"}],"wp:attachment":[{"href":"https:\/\/www.pcnen.com\/portal\/wp-json\/wp\/v2\/media?parent=354509"}],"wp:term":[{"taxonomy":"category","embeddable":true,"href":"https:\/\/www.pcnen.com\/portal\/wp-json\/wp\/v2\/categories?post=354509"},{"taxonomy":"post_tag","embeddable":true,"href":"https:\/\/www.pcnen.com\/portal\/wp-json\/wp\/v2\/tags?post=354509"}],"curies":[{"name":"wp","href":"https:\/\/api.w.org\/{rel}","templated":true}]}}