{"id":354491,"date":"2022-09-05T13:02:06","date_gmt":"2022-09-05T11:02:06","guid":{"rendered":"https:\/\/www.pcnen.com\/portal\/?p=354491"},"modified":"2022-09-05T13:34:48","modified_gmt":"2022-09-05T11:34:48","slug":"sedam-dana-do-pocetka-europrajda-u-beogradu-a-zabrane-nema","status":"publish","type":"post","link":"https:\/\/www.pcnen.com\/portal\/2022\/09\/05\/sedam-dana-do-pocetka-europrajda-u-beogradu-a-zabrane-nema\/","title":{"rendered":"Sedam dana do po\u010detka Europrajda u Beogradu, a zabrane nema"},"content":{"rendered":"<p>\u201cVe\u0107 nedelju dana \u010dekamo da se MUP izjasni o zabrani Evroprajda, ali osim brojnih natpisa u medijima, do nas ni\u0161ta zvani\u010dno nije stiglo. Zbog toga apelujem na nadle\u017eno ministarstvo da nam, kao organizatorima skupa koji je podr\u017eala Vlada Republike Srbije 2019. godine, pisanim putem dostave svoje re\u0161enje. Tako\u0111e, voleli bismo da \u010dujemo i mi\u0161ljenja Gordane \u010comi\u0107, ministarke za ljudska i manjinska prava i dru\u0161tveni dijalog, Brankice Jankovi\u0107, poverenice za za\u0161titu ravnopravnosti, kao i Zorana Pa\u0161ali\u0107a, za\u0161titnika gra\u0111ana, koji o ovoj temi ne bi smeli da \u0107ute,\u201c rekao je Goran Mileti\u0107, koordinator Europrajda 2022.<\/p>\n<p>Mleti\u0107 je dodao da \u201cpregovori u Vladi Republike Srbije i dalje traju, \u0161to nas izuzetno raduje jer pokazuju spremnost da dr\u017eava po\u0161tuje pravo na slobodu okupljanja definisano Ustavom Srbije i drugim me\u0111unarodnim konvencijama\u201d.<\/p>\n<p>Centralni doga\u0111aji Evroprajda bi\u0107e Parada ponosa, \u0161etnja zakazana za subotu 17. septembar u 17 \u010dasova, na kojoj se o\u010dekuje vi\u0161e od 15 hiljada posetilaca iz zemlje i inostranstva, kao i koncerti na Donjem Kalemegdanu, 16. i 17. septembra.<\/p>\n<p>\u201eKao organizatori Evroprajda 2022, ne\u0107emo odustati ni od jednog dela Evropske nedelje ponosa, uklju\u010duju\u0107i \u0161etnju koja je zakazana za 17. septembar, i spremni smo na kompromis i dogovor kako bi Evroprajd protekao u najboljem redu i kako bi u svet oti\u0161la jedna lepa i solidarna slika Beograda i Srbije,\u201c poru\u010dio je Mileti\u0107.<\/p>\n<p>&nbsp;<\/p>\n<p><a href=\"https:\/\/www.pcnen.com\/portal\/?s=europrajd\" target=\"_blank\" rel=\"noopener\">VEZANE VIJESTI<\/a><\/p>\n","protected":false},"excerpt":{"rendered":"<p>Organizatori Evropske nedelja ponosa, koja treba da bude sve\u010dano otvorena u Beogradu 12. septembra, saop\u0161tili su danas da zvani\u010dna zabrana manifestacije od strane MUP Srbije nije stigla i da se svi doga\u0111aji odr\u017eavaju po planu.<\/p>\n","protected":false},"author":1,"featured_media":353801,"comment_status":"open","ping_status":"closed","sticky":false,"template":"","format":"standard","meta":{"_seopress_robots_primary_cat":"","_seopress_titles_title":"","_seopress_titles_desc":"","_seopress_robots_index":"","_et_pb_use_builder":"","_et_pb_old_content":"","_et_gb_content_width":"","inline_featured_image":false,"footnotes":""},"categories":[14],"tags":[],"class_list":["post-354491","post","type-post","status-publish","format-standard","has-post-thumbnail","hentry","category-vijesti"],"_links":{"self":[{"href":"https:\/\/www.pcnen.com\/portal\/wp-json\/wp\/v2\/posts\/354491","targetHints":{"allow":["GET"]}}],"collection":[{"href":"https:\/\/www.pcnen.com\/portal\/wp-json\/wp\/v2\/posts"}],"about":[{"href":"https:\/\/www.pcnen.com\/portal\/wp-json\/wp\/v2\/types\/post"}],"author":[{"embeddable":true,"href":"https:\/\/www.pcnen.com\/portal\/wp-json\/wp\/v2\/users\/1"}],"replies":[{"embeddable":true,"href":"https:\/\/www.pcnen.com\/portal\/wp-json\/wp\/v2\/comments?post=354491"}],"version-history":[{"count":4,"href":"https:\/\/www.pcnen.com\/portal\/wp-json\/wp\/v2\/posts\/354491\/revisions"}],"predecessor-version":[{"id":354499,"href":"https:\/\/www.pcnen.com\/portal\/wp-json\/wp\/v2\/posts\/354491\/revisions\/354499"}],"wp:featuredmedia":[{"embeddable":true,"href":"https:\/\/www.pcnen.com\/portal\/wp-json\/wp\/v2\/media\/353801"}],"wp:attachment":[{"href":"https:\/\/www.pcnen.com\/portal\/wp-json\/wp\/v2\/media?parent=354491"}],"wp:term":[{"taxonomy":"category","embeddable":true,"href":"https:\/\/www.pcnen.com\/portal\/wp-json\/wp\/v2\/categories?post=354491"},{"taxonomy":"post_tag","embeddable":true,"href":"https:\/\/www.pcnen.com\/portal\/wp-json\/wp\/v2\/tags?post=354491"}],"curies":[{"name":"wp","href":"https:\/\/api.w.org\/{rel}","templated":true}]}}