{"id":354473,"date":"2022-09-05T14:06:23","date_gmt":"2022-09-05T12:06:23","guid":{"rendered":"https:\/\/www.pcnen.com\/portal\/?p=354473"},"modified":"2022-09-05T14:16:29","modified_gmt":"2022-09-05T12:16:29","slug":"ustavni-odbor-o-kandidatima-za-sudije-ustavnog-suda-uzivo","status":"publish","type":"post","link":"https:\/\/www.pcnen.com\/portal\/2022\/09\/05\/ustavni-odbor-o-kandidatima-za-sudije-ustavnog-suda-uzivo\/","title":{"rendered":"Ustavni odbor o kandidatima za sudije Ustavnog suda (u\u017eivo)"},"content":{"rendered":"<p>Na dnevnom redu je i osnivanje komisije koja \u0107e utvrditi da li su prijave kandidata podnijete u skladu sa javnim pozivom.<\/p>\n<p>Po\u010detak sjednice najavljen je za 14.00 sati.<\/p>\n<p>Prethodno nijedan od predlo\u017eenih kandidata za izbor \u010detvoro sudija Ustavnog suda nije dobio potrebnu ve\u0107inu na sjednici Ustavnog odbora.<\/p>\n<blockquote class=\"wp-embedded-content\" data-secret=\"pdmLe0PRUR\"><p><a href=\"https:\/\/www.pcnen.com\/portal\/2022\/07\/28\/odbor-nije-izabrao-kandidate-za-sudije-ustavnog-suda\/\">Odbor nije izabrao kandidate za sudije Ustavnog suda<\/a><\/p><\/blockquote>\n<p><iframe loading=\"lazy\" class=\"wp-embedded-content\" sandbox=\"allow-scripts\" security=\"restricted\" style=\"position: absolute; clip: rect(1px, 1px, 1px, 1px);\" title=\"&#8220;Odbor nije izabrao kandidate za sudije Ustavnog suda&#8221; &#8212; PCNEN\" src=\"https:\/\/www.pcnen.com\/portal\/2022\/07\/28\/odbor-nije-izabrao-kandidate-za-sudije-ustavnog-suda\/embed\/#?secret=SKarI6cTc6#?secret=pdmLe0PRUR\" data-secret=\"pdmLe0PRUR\" width=\"600\" height=\"338\" frameborder=\"0\" marginwidth=\"0\" marginheight=\"0\" scrolling=\"no\"><\/iframe><\/p>\n<p><iframe loading=\"lazy\" title=\"YouTube video player\" src=\"https:\/\/www.youtube.com\/embed\/xmOWJ1Mdonk\" width=\"560\" height=\"315\" frameborder=\"0\" allowfullscreen=\"allowfullscreen\"><\/iframe><\/p>\n","protected":false},"excerpt":{"rendered":"<p>Ustavni odbor Skup\u0161tine Crne Gore treba danas da utvrdi listu prijavljenih kandidata za izbor \u010detvoro sudija Ustavnog suda Crne Gore po javnom pozivu od 1. avgusta ove godine.<\/p>\n","protected":false},"author":1,"featured_media":0,"comment_status":"open","ping_status":"closed","sticky":false,"template":"","format":"standard","meta":{"_seopress_robots_primary_cat":"","_seopress_titles_title":"","_seopress_titles_desc":"","_seopress_robots_index":"","_et_pb_use_builder":"","_et_pb_old_content":"","_et_gb_content_width":"","inline_featured_image":false,"footnotes":""},"categories":[14],"tags":[],"class_list":["post-354473","post","type-post","status-publish","format-standard","hentry","category-vijesti"],"_links":{"self":[{"href":"https:\/\/www.pcnen.com\/portal\/wp-json\/wp\/v2\/posts\/354473","targetHints":{"allow":["GET"]}}],"collection":[{"href":"https:\/\/www.pcnen.com\/portal\/wp-json\/wp\/v2\/posts"}],"about":[{"href":"https:\/\/www.pcnen.com\/portal\/wp-json\/wp\/v2\/types\/post"}],"author":[{"embeddable":true,"href":"https:\/\/www.pcnen.com\/portal\/wp-json\/wp\/v2\/users\/1"}],"replies":[{"embeddable":true,"href":"https:\/\/www.pcnen.com\/portal\/wp-json\/wp\/v2\/comments?post=354473"}],"version-history":[{"count":6,"href":"https:\/\/www.pcnen.com\/portal\/wp-json\/wp\/v2\/posts\/354473\/revisions"}],"predecessor-version":[{"id":354502,"href":"https:\/\/www.pcnen.com\/portal\/wp-json\/wp\/v2\/posts\/354473\/revisions\/354502"}],"wp:attachment":[{"href":"https:\/\/www.pcnen.com\/portal\/wp-json\/wp\/v2\/media?parent=354473"}],"wp:term":[{"taxonomy":"category","embeddable":true,"href":"https:\/\/www.pcnen.com\/portal\/wp-json\/wp\/v2\/categories?post=354473"},{"taxonomy":"post_tag","embeddable":true,"href":"https:\/\/www.pcnen.com\/portal\/wp-json\/wp\/v2\/tags?post=354473"}],"curies":[{"name":"wp","href":"https:\/\/api.w.org\/{rel}","templated":true}]}}