{"id":354453,"date":"2022-09-04T21:35:31","date_gmt":"2022-09-04T19:35:31","guid":{"rendered":"https:\/\/www.pcnen.com\/portal\/?p=354453"},"modified":"2022-09-04T21:35:31","modified_gmt":"2022-09-04T19:35:31","slug":"pretezno-suncano-do-32-stepena-3","status":"publish","type":"post","link":"https:\/\/www.pcnen.com\/portal\/2022\/09\/04\/pretezno-suncano-do-32-stepena-3\/","title":{"rendered":"Prete\u017eno sun\u010dano, do 32 stepena"},"content":{"rendered":"<p>U ju\u017enim i centralnim predjelima Crne Gore \u0107e u ponedjeljak biti prete\u017eno sun\u010dano, ponegdje uz malu do umjerenu obla\u010dnost.<\/p>\n<p>Na sjeveru \u0107e biti promjenljivo obla\u010dno sa sun\u010danim intervalima, a tokom prijepodneva i uslovi za ponegdje slabu ki\u0161u.<\/p>\n<p>Vjetar sjevernih smjerova bi\u0107e slab do umjeren, na jugu povremeno poja\u010dan.<\/p>\n<p>Jutarnja temperatura vazduha kreta\u0107e se od 9 do 22, najvi\u0161a dnevna 21 do 32 stepena.<\/p>\n<p>U Podgoricase o\u010dekuje prete\u017eno sun\u010dano vrijeme.<\/p>\n<p>Vjetar uglavnom slab do umjeren bi\u0107e sjeverni i sjeveroisto\u010dni.<\/p>\n<p>Jutarnja temperatura vazduha \u0107e biti oko 21, najvi\u0161a dnevna do 32 stepena.<\/p>\n","protected":false},"excerpt":{"rendered":"<p>Jutarnja temperatura vazduha kreta\u0107e se od 9 do 22, najvi\u0161a dnevna 21 do 32 stepena.<\/p>\n","protected":false},"author":1,"featured_media":291245,"comment_status":"open","ping_status":"closed","sticky":false,"template":"","format":"standard","meta":{"_seopress_robots_primary_cat":"","_seopress_titles_title":"","_seopress_titles_desc":"","_seopress_robots_index":"","_et_pb_use_builder":"","_et_pb_old_content":"","_et_gb_content_width":"","inline_featured_image":false,"footnotes":""},"categories":[14],"tags":[],"class_list":["post-354453","post","type-post","status-publish","format-standard","has-post-thumbnail","hentry","category-vijesti"],"_links":{"self":[{"href":"https:\/\/www.pcnen.com\/portal\/wp-json\/wp\/v2\/posts\/354453","targetHints":{"allow":["GET"]}}],"collection":[{"href":"https:\/\/www.pcnen.com\/portal\/wp-json\/wp\/v2\/posts"}],"about":[{"href":"https:\/\/www.pcnen.com\/portal\/wp-json\/wp\/v2\/types\/post"}],"author":[{"embeddable":true,"href":"https:\/\/www.pcnen.com\/portal\/wp-json\/wp\/v2\/users\/1"}],"replies":[{"embeddable":true,"href":"https:\/\/www.pcnen.com\/portal\/wp-json\/wp\/v2\/comments?post=354453"}],"version-history":[{"count":1,"href":"https:\/\/www.pcnen.com\/portal\/wp-json\/wp\/v2\/posts\/354453\/revisions"}],"predecessor-version":[{"id":354454,"href":"https:\/\/www.pcnen.com\/portal\/wp-json\/wp\/v2\/posts\/354453\/revisions\/354454"}],"wp:featuredmedia":[{"embeddable":true,"href":"https:\/\/www.pcnen.com\/portal\/wp-json\/wp\/v2\/media\/291245"}],"wp:attachment":[{"href":"https:\/\/www.pcnen.com\/portal\/wp-json\/wp\/v2\/media?parent=354453"}],"wp:term":[{"taxonomy":"category","embeddable":true,"href":"https:\/\/www.pcnen.com\/portal\/wp-json\/wp\/v2\/categories?post=354453"},{"taxonomy":"post_tag","embeddable":true,"href":"https:\/\/www.pcnen.com\/portal\/wp-json\/wp\/v2\/tags?post=354453"}],"curies":[{"name":"wp","href":"https:\/\/api.w.org\/{rel}","templated":true}]}}