{"id":354444,"date":"2022-09-04T20:28:00","date_gmt":"2022-09-04T18:28:00","guid":{"rendered":"https:\/\/www.pcnen.com\/portal\/?p=354444"},"modified":"2022-09-04T20:28:00","modified_gmt":"2022-09-04T18:28:00","slug":"trazi-se-25-muskaraca-da-cuvaju-papu-moraju-ispunjavati-cetiri-uslova","status":"publish","type":"post","link":"https:\/\/www.pcnen.com\/portal\/2022\/09\/04\/trazi-se-25-muskaraca-da-cuvaju-papu-moraju-ispunjavati-cetiri-uslova\/","title":{"rendered":"Tra\u017ei se 25 mu\u0161karaca da \u010duvaju papu, moraju ispunjavati \u010detiri uslova"},"content":{"rendered":"<p>Uo\u010di Svete godine 2025, kada se o\u010dekuje da \u0107e milioni hodo\u010dasnika posjetiti Vatikan, garda \u0107e se pove\u0107ati za 25 pripadnika na ukupno 135, \u0161to je pove\u0107anje od gotovo 23 odsto.<\/p>\n<p>Kako bi pomogla u zapo\u0161ljavanju, \u0160vajcarska garda otvorila je novu kancelariju za medije i kontakt u \u0160vajcarskoj, navodi se u saop\u0161tenju koje je objavila Garda, prenosi Hina.<\/p>\n<p>Mogu da se jave neo\u017eenjeni \u0160vajcarci starosti izme\u0111u 19 i 31 godine, katolici dobrog zdravlja, s &#8220;besprekornom reputacijom i visoki najmanje 1.74 metra, da su zavr\u0161ili osnovnu obuku u \u0161vajcarskoj vojsci&#8221;, navodi se na internet stranici Garde.<\/p>\n<p>Mogu se vjen\u010dati nakon \u0161to su odslu\u017eili pet godina. Jedinica \u010dija je glavna misija za\u0161tita pape bila je isklju\u010divo mu\u0161ka od osnivanja 1506. Me\u0111utim, to bi\u00a0 moglo da se promijeni.<\/p>\n<p>Njihova nova kasarna u Vatikanu, koja po\u010dinje da se gradi 2026, bi\u0107e namijenjena za smje\u0161taj pripadnica ako im papa Franja ili njegovi naslednici dopuste da im se pridru\u017ee.<\/p>\n<p>Franjo (85) je imenovao \u017eene na brojne visoke polo\u017eaje i vode\u0107a mjesta u vatikanskoj administraciji. U martu je predstavio novi propis koji \u0107e svakom kr\u0161tenom katoliku laiku, uklju\u010duju\u0107i \u017eene, omogu\u0107iti da bude na \u010delu ve\u0107ine vatikanskih odjeljenja.<\/p>\n","protected":false},"excerpt":{"rendered":"<p>Elitna i \u017eivopisno odjevena \u0160vajcarska garda za glavni cilj ima da za\u0161titi papu i Vatikan, koji se prostire na 108 hektara, a trenutno obuhvata 110 pripadnika.<\/p>\n","protected":false},"author":1,"featured_media":354447,"comment_status":"open","ping_status":"closed","sticky":false,"template":"","format":"standard","meta":{"_seopress_robots_primary_cat":"","_seopress_titles_title":"","_seopress_titles_desc":"","_seopress_robots_index":"","_et_pb_use_builder":"","_et_pb_old_content":"","_et_gb_content_width":"","inline_featured_image":false,"footnotes":""},"categories":[14],"tags":[],"class_list":["post-354444","post","type-post","status-publish","format-standard","has-post-thumbnail","hentry","category-vijesti"],"_links":{"self":[{"href":"https:\/\/www.pcnen.com\/portal\/wp-json\/wp\/v2\/posts\/354444","targetHints":{"allow":["GET"]}}],"collection":[{"href":"https:\/\/www.pcnen.com\/portal\/wp-json\/wp\/v2\/posts"}],"about":[{"href":"https:\/\/www.pcnen.com\/portal\/wp-json\/wp\/v2\/types\/post"}],"author":[{"embeddable":true,"href":"https:\/\/www.pcnen.com\/portal\/wp-json\/wp\/v2\/users\/1"}],"replies":[{"embeddable":true,"href":"https:\/\/www.pcnen.com\/portal\/wp-json\/wp\/v2\/comments?post=354444"}],"version-history":[{"count":1,"href":"https:\/\/www.pcnen.com\/portal\/wp-json\/wp\/v2\/posts\/354444\/revisions"}],"predecessor-version":[{"id":354448,"href":"https:\/\/www.pcnen.com\/portal\/wp-json\/wp\/v2\/posts\/354444\/revisions\/354448"}],"wp:featuredmedia":[{"embeddable":true,"href":"https:\/\/www.pcnen.com\/portal\/wp-json\/wp\/v2\/media\/354447"}],"wp:attachment":[{"href":"https:\/\/www.pcnen.com\/portal\/wp-json\/wp\/v2\/media?parent=354444"}],"wp:term":[{"taxonomy":"category","embeddable":true,"href":"https:\/\/www.pcnen.com\/portal\/wp-json\/wp\/v2\/categories?post=354444"},{"taxonomy":"post_tag","embeddable":true,"href":"https:\/\/www.pcnen.com\/portal\/wp-json\/wp\/v2\/tags?post=354444"}],"curies":[{"name":"wp","href":"https:\/\/api.w.org\/{rel}","templated":true}]}}