{"id":354439,"date":"2022-09-04T19:28:59","date_gmt":"2022-09-04T17:28:59","guid":{"rendered":"https:\/\/www.pcnen.com\/portal\/?p=354439"},"modified":"2022-09-04T19:28:59","modified_gmt":"2022-09-04T17:28:59","slug":"tv-vijesti-zivkovic-direktno-umijesan-u-ubistvo-kozara-i-hadzica","status":"publish","type":"post","link":"https:\/\/www.pcnen.com\/portal\/2022\/09\/04\/tv-vijesti-zivkovic-direktno-umijesan-u-ubistvo-kozara-i-hadzica\/","title":{"rendered":"TV Vijesti: \u017divkovi\u0107 direktno umije\u0161an u ubistvo Ko\u017eara i Had\u017ei\u0107a?"},"content":{"rendered":"<p>Crnogorski istra\u017eitelji do\u0161li su do operativnih podataka koji ukazuju da je \u010dlan kava\u010dkog kriminalnog klana, Nik\u0161i\u0107anin Radoje \u017divkovi\u0107 (36), koji je u bjekstvu, direktno umije\u0161an u ubistvo Baranina Alana Ko\u017eara i Damira Had\u017ei\u0107a iz U\u017eica, na gr\u010dkom ostrvu Krfu 2020. godine, saznaje Televizija Vijesti.<\/p>\n<p>Istraga o jednoj u nizu likvidacija u surovom ratu kava\u010dkog i \u0161kaljarskog klana jo\u0161 nije okon\u010dana.<\/p>\n<p>Operativni podaci crnogorske policije pokazuju da je \u017divkovi\u0107, zvani \u017duti, direktno povezan sa ubistvom Ko\u017eara i Had\u017ei\u0107a, a kako saznaje Televizija Vijesti, \u017divkovi\u0107 je ozna\u010den kao \u010dlan kava\u010dkog klana koji predvode Kotorani Radoje Zvicer i Slobodan Ka\u0161\u0107elan.<\/p>\n<p>Za njim je raspisana potjernica zbog optu\u017ebe da je kao pripadnik kav\u010dana u\u010destvovao i u ubistvu Milete Radulovi\u0107a, zvanog Kapetan, iz Kragujevca, u decembru 2020. godine ali i da je direktno u\u010destvovao u ubistvu Baranina Damira Hod\u017ei\u0107a i njegovog zeta Adisa Spahi\u0107a u oktobru te godine.<\/p>\n<p>Istra\u017euju\u0107i ove likvidacije, crnogorska policija je od francuskih pravosudnih organa dobila transkripte razgovora koje su \u010dlanovi kava\u010dkog klana vodili tokom 2020.godine preko Skaj aplikacije.<\/p>\n<p>Dio tih komunikacija odnosi se i na ubistvo Ko\u017eara, koji je prema policijskim evidencijama, va\u017eio za vo\u0111u barske kriminalne grupe, koja je sara\u0111ivala sa \u0161kaljarcima.<\/p>\n<p>U glasovnim i tekstualnim porukama optu\u017eeni \u017divkovi\u0107 saop\u0161tava sve informacije vezane za ubistvo Ko\u017eara i ujedno sugeri\u0161e kako da se do\u0111e do \u010dlanova grupe ubijenog Baranina, odnosno kako da preuzmu vo\u0111stvo nad njegovim klanom.<\/p>\n<p>Be\u017eivotna tijela Ko\u017eara i Had\u017ei\u0107a prona\u0111ena su na parkingu jedne vile na Krfu 23. jula 2020. godine. Oni su tu boravili du\u017ee vrijeme prije ubistva.<\/p>\n<p>Ko\u017ear je svojevremeno hap\u0161en sa grupom optu\u017eenom za ubistvo policijskog inspektora Slavoljuba \u0160\u0107eki\u0107a i potom osu\u0111en na \u0161est godina i deset mjeseci zatvora, zbog podmetanja tri eksplozije na gradili\u0161te hotela &#8220;Splendid&#8221; u Be\u010di\u0107ima i poku\u0161aja reketiranja suvlasnika hotela \u017darka Radulovi\u0107a.<\/p>\n<p>Had\u017ei\u0107 je prije ubistva bio na potjernici zbog sumnje da je likvidirao \u010dlana kava\u010dkog klana &#8211; Davorina Balti\u0107a, prvog dana 2018. godine, u Beogradu.<\/p>\n<p>Rat izme\u0111u \u0161kaljarskog i kava\u010dkog klana traje vi\u0161e od osam godina, i u njemu je ubijeno vi\u0161e od 60 osoba me\u0111u kojima su bile i nevine \u017ertve.<\/p>\n<p>&nbsp;<\/p>\n<p>&nbsp;<\/p>\n<p>&nbsp;<\/p>\n<p>&nbsp;<\/p>\n<p>&nbsp;<\/p>\n<p>&nbsp;<\/p>\n<blockquote class=\"wp-embedded-content\" data-secret=\"otRA6osGoE\"><p><a href=\"https:\/\/www.pcnen.com\/portal\/2020\/07\/23\/ubijeni-alan-kozar-i-damir-hadzic\/\">Ubijeni Alan Ko\u017ear i Damir Had\u017ei\u0107<\/a><\/p><\/blockquote>\n<p><iframe loading=\"lazy\" class=\"wp-embedded-content\" sandbox=\"allow-scripts\" security=\"restricted\" style=\"position: absolute; clip: rect(1px, 1px, 1px, 1px);\" title=\"&#8220;Ubijeni Alan Ko\u017ear i Damir Had\u017ei\u0107&#8221; &#8212; PCNEN\" src=\"https:\/\/www.pcnen.com\/portal\/2020\/07\/23\/ubijeni-alan-kozar-i-damir-hadzic\/embed\/#?secret=ztmIsNpx5m#?secret=otRA6osGoE\" data-secret=\"otRA6osGoE\" width=\"600\" height=\"338\" frameborder=\"0\" marginwidth=\"0\" marginheight=\"0\" scrolling=\"no\"><\/iframe><\/p>\n","protected":false},"excerpt":{"rendered":"<p>Crnogorski istra\u017eitelji do\u0161li su do operativnih podataka koji ukazuju da je \u010dlan kava\u010dkog kriminalnog klana, Nik\u0161i\u0107anin Radoje \u017divkovi\u0107 (36), koji je u bjekstvu, direktno umije\u0161an u ubistvo Baranina Alana Ko\u017eara i Damira Had\u017ei\u0107a iz U\u017eica, na gr\u010dkom ostrvu Krfu 2020. godine, saznaje Televizija Vijesti. Istraga o jednoj u nizu likvidacija u surovom ratu kava\u010dkog i [&hellip;]<\/p>\n","protected":false},"author":1,"featured_media":283451,"comment_status":"open","ping_status":"closed","sticky":false,"template":"","format":"standard","meta":{"_seopress_robots_primary_cat":"","_seopress_titles_title":"","_seopress_titles_desc":"","_seopress_robots_index":"","_et_pb_use_builder":"","_et_pb_old_content":"","_et_gb_content_width":"","inline_featured_image":false,"footnotes":""},"categories":[14],"tags":[],"class_list":["post-354439","post","type-post","status-publish","format-standard","has-post-thumbnail","hentry","category-vijesti"],"_links":{"self":[{"href":"https:\/\/www.pcnen.com\/portal\/wp-json\/wp\/v2\/posts\/354439","targetHints":{"allow":["GET"]}}],"collection":[{"href":"https:\/\/www.pcnen.com\/portal\/wp-json\/wp\/v2\/posts"}],"about":[{"href":"https:\/\/www.pcnen.com\/portal\/wp-json\/wp\/v2\/types\/post"}],"author":[{"embeddable":true,"href":"https:\/\/www.pcnen.com\/portal\/wp-json\/wp\/v2\/users\/1"}],"replies":[{"embeddable":true,"href":"https:\/\/www.pcnen.com\/portal\/wp-json\/wp\/v2\/comments?post=354439"}],"version-history":[{"count":1,"href":"https:\/\/www.pcnen.com\/portal\/wp-json\/wp\/v2\/posts\/354439\/revisions"}],"predecessor-version":[{"id":354440,"href":"https:\/\/www.pcnen.com\/portal\/wp-json\/wp\/v2\/posts\/354439\/revisions\/354440"}],"wp:featuredmedia":[{"embeddable":true,"href":"https:\/\/www.pcnen.com\/portal\/wp-json\/wp\/v2\/media\/283451"}],"wp:attachment":[{"href":"https:\/\/www.pcnen.com\/portal\/wp-json\/wp\/v2\/media?parent=354439"}],"wp:term":[{"taxonomy":"category","embeddable":true,"href":"https:\/\/www.pcnen.com\/portal\/wp-json\/wp\/v2\/categories?post=354439"},{"taxonomy":"post_tag","embeddable":true,"href":"https:\/\/www.pcnen.com\/portal\/wp-json\/wp\/v2\/tags?post=354439"}],"curies":[{"name":"wp","href":"https:\/\/api.w.org\/{rel}","templated":true}]}}