{"id":354434,"date":"2022-09-04T16:58:50","date_gmt":"2022-09-04T14:58:50","guid":{"rendered":"https:\/\/www.pcnen.com\/portal\/?p=354434"},"modified":"2022-09-04T16:58:50","modified_gmt":"2022-09-04T14:58:50","slug":"blazenim-proglasen-papa-jovan-pavle-i","status":"publish","type":"post","link":"https:\/\/www.pcnen.com\/portal\/2022\/09\/04\/blazenim-proglasen-papa-jovan-pavle-i\/","title":{"rendered":"Bla\u017eenim progla\u0161en papa Jovan Pavle I"},"content":{"rendered":"<p>Nekoliko hiljada vjernika, me\u0111u kojima i italijanski predsjednik Ser\u0111o Matarela u\u010destvovalo je na misi beatifikacije na Trgu svjetog Petra.<\/p>\n<p>Beatifikacija prethodi kanonizaciji, odnosno progla\u0161avanju pape za sveca.<\/p>\n<p>Tokom ceremonije otkrivena je velika tapiserija koja prikazuje Jovana Pavla Prvog na jednom od zidova bazilike Svetog Petra.<\/p>\n<p>&#8220;Papa je sa svojim osmijehom uspio da prenese dobrotu Gospodnju. Lijepa je crkva sa radosnim, spokojnim i nasmijanim licem&#8221;, rekao je papa Franjo koji je predvodio misu, prenosi Beta.<\/p>\n<p>Posljednji italijanski papa Albino Lu\u010dani (Luciani), popularan i blizak narodu, naslijedio je Pavla \u0160estog u avgustu 1978. kao 65-godi\u0161njak. Me\u0111utim, umro je 33 dana kasnije, od sr\u010danog udara.<\/p>\n<p>Tokom svog kratkog pontifikata, Jovan Pavle Prvi ocijenjen je kao \u010djovek konsenzusa i velike jednostavnosti.<\/p>\n","protected":false},"excerpt":{"rendered":"<p>U Vatikanu je danas progla\u0161en bla\u017eenim papa Jovan Pavle Prvi koji je na \u010delu Rimokatoli\u010dke crkve bio svega 33 dana i to jedna je od najkra\u0107ih vladavina u istoriji te crkve.<\/p>\n","protected":false},"author":1,"featured_media":286423,"comment_status":"open","ping_status":"closed","sticky":false,"template":"","format":"standard","meta":{"_seopress_robots_primary_cat":"","_seopress_titles_title":"","_seopress_titles_desc":"","_seopress_robots_index":"","_et_pb_use_builder":"","_et_pb_old_content":"","_et_gb_content_width":"","inline_featured_image":false,"footnotes":""},"categories":[14],"tags":[],"class_list":["post-354434","post","type-post","status-publish","format-standard","has-post-thumbnail","hentry","category-vijesti"],"_links":{"self":[{"href":"https:\/\/www.pcnen.com\/portal\/wp-json\/wp\/v2\/posts\/354434","targetHints":{"allow":["GET"]}}],"collection":[{"href":"https:\/\/www.pcnen.com\/portal\/wp-json\/wp\/v2\/posts"}],"about":[{"href":"https:\/\/www.pcnen.com\/portal\/wp-json\/wp\/v2\/types\/post"}],"author":[{"embeddable":true,"href":"https:\/\/www.pcnen.com\/portal\/wp-json\/wp\/v2\/users\/1"}],"replies":[{"embeddable":true,"href":"https:\/\/www.pcnen.com\/portal\/wp-json\/wp\/v2\/comments?post=354434"}],"version-history":[{"count":1,"href":"https:\/\/www.pcnen.com\/portal\/wp-json\/wp\/v2\/posts\/354434\/revisions"}],"predecessor-version":[{"id":354435,"href":"https:\/\/www.pcnen.com\/portal\/wp-json\/wp\/v2\/posts\/354434\/revisions\/354435"}],"wp:featuredmedia":[{"embeddable":true,"href":"https:\/\/www.pcnen.com\/portal\/wp-json\/wp\/v2\/media\/286423"}],"wp:attachment":[{"href":"https:\/\/www.pcnen.com\/portal\/wp-json\/wp\/v2\/media?parent=354434"}],"wp:term":[{"taxonomy":"category","embeddable":true,"href":"https:\/\/www.pcnen.com\/portal\/wp-json\/wp\/v2\/categories?post=354434"},{"taxonomy":"post_tag","embeddable":true,"href":"https:\/\/www.pcnen.com\/portal\/wp-json\/wp\/v2\/tags?post=354434"}],"curies":[{"name":"wp","href":"https:\/\/api.w.org\/{rel}","templated":true}]}}