{"id":354420,"date":"2022-09-04T12:31:45","date_gmt":"2022-09-04T10:31:45","guid":{"rendered":"https:\/\/www.pcnen.com\/portal\/?p=354420"},"modified":"2022-09-04T12:31:45","modified_gmt":"2022-09-04T10:31:45","slug":"protest-za-spas-niksicke-zeljezare","status":"publish","type":"post","link":"https:\/\/www.pcnen.com\/portal\/2022\/09\/04\/protest-za-spas-niksicke-zeljezare\/","title":{"rendered":"Protest za spas nik\u0161i\u0107ke \u017eeljezare"},"content":{"rendered":"<p>Iz Sindikata \u017deljezare su ranije pozvali prijatelje, sve biv\u0161e radnike \u017deljezare, sugra\u0111ane i sve ljude dobre volje da do\u0111u na protest, prenosi portal onogo\u0161t.me.<\/p>\n<p>Radnici \u017deljezare ve\u0107 tri mjeseca protestuju zbog najave poslodavca da \u0107e 1. septembra njih 229 ostati bez posla, a da \u0107e zadr\u017eati samo 25 zaposlenih.<\/p>\n<p>Vlada je nedavno saop\u0161tila da Elektroprivreda CG mo\u017eeda pregovara o preuzimanju \u017deljezare, \u0161to je jedna od mogu\u0107nosti.<\/p>\n<p>&nbsp;<\/p>\n<blockquote class=\"wp-embedded-content\" data-secret=\"wfP8tAJ69B\"><p><a href=\"https:\/\/www.pcnen.com\/portal\/2022\/08\/15\/abazovic-vlada-saglasna-da-epcg-pregovara-o-preuzimanju-zeljezare\/\">Abazovi\u0107: Vlada saglasna da EPCG pregovara o preuzimanju \u017deljezare\u00a0\u00a0\u00a0\u00a0\u00a0\u00a0\u00a0\u00a0\u00a0<\/a><\/p><\/blockquote>\n<p><iframe loading=\"lazy\" class=\"wp-embedded-content\" sandbox=\"allow-scripts\" security=\"restricted\" style=\"position: absolute; clip: rect(1px, 1px, 1px, 1px);\" title=\"&#8220;Abazovi\u0107: Vlada saglasna da EPCG pregovara o preuzimanju \u017deljezare\u00a0\u00a0\u00a0\u00a0\u00a0\u00a0\u00a0\u00a0\u00a0&#8221; &#8212; PCNEN\" src=\"https:\/\/www.pcnen.com\/portal\/2022\/08\/15\/abazovic-vlada-saglasna-da-epcg-pregovara-o-preuzimanju-zeljezare\/embed\/#?secret=5A4uqFMG6E#?secret=wfP8tAJ69B\" data-secret=\"wfP8tAJ69B\" width=\"600\" height=\"338\" frameborder=\"0\" marginwidth=\"0\" marginheight=\"0\" scrolling=\"no\"><\/iframe><\/p>\n","protected":false},"excerpt":{"rendered":"<p>Ispred nik\u0161i\u0107ke \u017eeljezare, koja je u vlasni\u0161tvu urske kompanije To\u0161\u010delik, odr\u017eava se, na poziv Sindikata, protestni skup za spas te firme.<\/p>\n","protected":false},"author":1,"featured_media":0,"comment_status":"open","ping_status":"closed","sticky":false,"template":"","format":"standard","meta":{"_seopress_robots_primary_cat":"","_seopress_titles_title":"","_seopress_titles_desc":"","_seopress_robots_index":"","_et_pb_use_builder":"","_et_pb_old_content":"","_et_gb_content_width":"","inline_featured_image":false,"footnotes":""},"categories":[14],"tags":[],"class_list":["post-354420","post","type-post","status-publish","format-standard","hentry","category-vijesti"],"_links":{"self":[{"href":"https:\/\/www.pcnen.com\/portal\/wp-json\/wp\/v2\/posts\/354420","targetHints":{"allow":["GET"]}}],"collection":[{"href":"https:\/\/www.pcnen.com\/portal\/wp-json\/wp\/v2\/posts"}],"about":[{"href":"https:\/\/www.pcnen.com\/portal\/wp-json\/wp\/v2\/types\/post"}],"author":[{"embeddable":true,"href":"https:\/\/www.pcnen.com\/portal\/wp-json\/wp\/v2\/users\/1"}],"replies":[{"embeddable":true,"href":"https:\/\/www.pcnen.com\/portal\/wp-json\/wp\/v2\/comments?post=354420"}],"version-history":[{"count":1,"href":"https:\/\/www.pcnen.com\/portal\/wp-json\/wp\/v2\/posts\/354420\/revisions"}],"predecessor-version":[{"id":354422,"href":"https:\/\/www.pcnen.com\/portal\/wp-json\/wp\/v2\/posts\/354420\/revisions\/354422"}],"wp:attachment":[{"href":"https:\/\/www.pcnen.com\/portal\/wp-json\/wp\/v2\/media?parent=354420"}],"wp:term":[{"taxonomy":"category","embeddable":true,"href":"https:\/\/www.pcnen.com\/portal\/wp-json\/wp\/v2\/categories?post=354420"},{"taxonomy":"post_tag","embeddable":true,"href":"https:\/\/www.pcnen.com\/portal\/wp-json\/wp\/v2\/tags?post=354420"}],"curies":[{"name":"wp","href":"https:\/\/api.w.org\/{rel}","templated":true}]}}