{"id":354414,"date":"2022-09-04T09:38:45","date_gmt":"2022-09-04T07:38:45","guid":{"rendered":"https:\/\/www.pcnen.com\/portal\/?p=354414"},"modified":"2022-09-04T09:38:45","modified_gmt":"2022-09-04T07:38:45","slug":"micev-vise-kise-sredinom-septembra","status":"publish","type":"post","link":"https:\/\/www.pcnen.com\/portal\/2022\/09\/04\/micev-vise-kise-sredinom-septembra\/","title":{"rendered":"Micev: Vi\u0161e ki\u0161e sredinom septembra"},"content":{"rendered":"<p>\u201cLjeto sa karakteristikima tropskih temperatura nastavi\u0107e se i narednih dana\u201d, kazao je Micev u Jutarnjem programu TVCG.<\/p>\n<p>Tokom no\u0107i izme\u0111u nedjelje i ponedjeljka bi\u0107e uslova za kratkotrajnu ki\u0161u, uz mogu\u0107nost i za pojavu grada u nekim predjelima. Nakon prolaska tog talasa o\u010dekuju nas opet sun\u010dani dani.<\/p>\n<p>\u201cZa utorak, srijedu, \u010detvrtak o\u010dekuje nas prete\u017ene sun\u010dano i toplo, pa \u0107e u najtolijim oblastima maksimalna dnevna temperatura dostizati i 30 do 33 stepena. U srijedu i \u010detvrtak u planinskim oblastima se o\u010dekuje opet poja\u010dna obla\u010dnost uz kratkotrajnu ki\u0161u\u201d, naveo je Micev.<\/p>\n<p>Nakon toga za petak, subotu, nedjelju o\u010dekuje promjenljive vremenske prilike.<\/p>\n<p>\u201cU ve\u0107ini mjesta sa ki\u0161om, lokalnim pljuskovima sa grmaljavinom. Dakle petak, subota i nedjelja o\u010dekuje se u pojedinim mjestima zna\u010dajnija ki\u0161a\u201d, naveo je Micev.<\/p>\n<p>Ka\u017ee i da ako ne do\u0111e do zna\u010dajne promjene polo\u017eaja meteorolo\u0161kih sistema u drugoj dekadi septembra, od 11. do 20. septembra o\u010dekuje nas vi\u0161e ki\u0161e.<\/p>\n<p>\u201cO\u010dekuju nas promjenljive vremenske prilike sa u\u010destalom pojavom ki\u0161e u ve\u0107ini mjesta Crne Gore uz pad temperature\u201d, najavio je Micev.<\/p>\n<p>Ka\u017ee da bi danas mogli da zablje\u017eimo 96. tropski dan ovog ljeta, a lani smo imali 92 takva dana, \u0161to zna\u010di da je prosjek probijen.<\/p>\n<p>Micev navodi da nas i narednih dana o\u010dekuju tropski dani, kojim bi ove sezone moglo da bude 100.<\/p>\n<p>Toplo je ka\u017ee ovog ljeta bilo i na sjeveru Crne Gore. Tako je \u017dabljaku ovo ljeto bilo 4. po redu me\u0111u najtoplijim, dok su maj i jun bili najtopliji.<\/p>\n","protected":false},"excerpt":{"rendered":"<p>Narednih dana o\u010dekuje nas prete\u017ene sun\u010dano i toplo vrijeme, a od petka promjenljive vremenske prilike, kazao je meteorolog Branko Micev. Vi\u0161e ki\u0161e najavljuje od 11. septembra.\u00a0<\/p>\n","protected":false},"author":1,"featured_media":301594,"comment_status":"open","ping_status":"closed","sticky":false,"template":"","format":"standard","meta":{"_seopress_robots_primary_cat":"","_seopress_titles_title":"","_seopress_titles_desc":"","_seopress_robots_index":"","_et_pb_use_builder":"","_et_pb_old_content":"","_et_gb_content_width":"","inline_featured_image":false,"footnotes":""},"categories":[14],"tags":[],"class_list":["post-354414","post","type-post","status-publish","format-standard","has-post-thumbnail","hentry","category-vijesti"],"_links":{"self":[{"href":"https:\/\/www.pcnen.com\/portal\/wp-json\/wp\/v2\/posts\/354414","targetHints":{"allow":["GET"]}}],"collection":[{"href":"https:\/\/www.pcnen.com\/portal\/wp-json\/wp\/v2\/posts"}],"about":[{"href":"https:\/\/www.pcnen.com\/portal\/wp-json\/wp\/v2\/types\/post"}],"author":[{"embeddable":true,"href":"https:\/\/www.pcnen.com\/portal\/wp-json\/wp\/v2\/users\/1"}],"replies":[{"embeddable":true,"href":"https:\/\/www.pcnen.com\/portal\/wp-json\/wp\/v2\/comments?post=354414"}],"version-history":[{"count":1,"href":"https:\/\/www.pcnen.com\/portal\/wp-json\/wp\/v2\/posts\/354414\/revisions"}],"predecessor-version":[{"id":354415,"href":"https:\/\/www.pcnen.com\/portal\/wp-json\/wp\/v2\/posts\/354414\/revisions\/354415"}],"wp:featuredmedia":[{"embeddable":true,"href":"https:\/\/www.pcnen.com\/portal\/wp-json\/wp\/v2\/media\/301594"}],"wp:attachment":[{"href":"https:\/\/www.pcnen.com\/portal\/wp-json\/wp\/v2\/media?parent=354414"}],"wp:term":[{"taxonomy":"category","embeddable":true,"href":"https:\/\/www.pcnen.com\/portal\/wp-json\/wp\/v2\/categories?post=354414"},{"taxonomy":"post_tag","embeddable":true,"href":"https:\/\/www.pcnen.com\/portal\/wp-json\/wp\/v2\/tags?post=354414"}],"curies":[{"name":"wp","href":"https:\/\/api.w.org\/{rel}","templated":true}]}}