{"id":354397,"date":"2022-09-03T22:16:41","date_gmt":"2022-09-03T20:16:41","guid":{"rendered":"https:\/\/www.pcnen.com\/portal\/?p=354397"},"modified":"2022-09-03T22:16:41","modified_gmt":"2022-09-03T20:16:41","slug":"promjenljivo-oblacno-do-31-stepen","status":"publish","type":"post","link":"https:\/\/www.pcnen.com\/portal\/2022\/09\/03\/promjenljivo-oblacno-do-31-stepen\/","title":{"rendered":"Promjenljivo obla\u010dno, do 31 stepen"},"content":{"rendered":"<p>U popodnevnim satima i tokom no\u0107i lokalno \u0107e padati ki\u0161a ili kratkotrajan pljusak i grmljavina, prvenstveno u kontinentalnim predjelima.<\/p>\n<p>Na sjeveru, ujutro, po kotlinama \u0107e biti magla, tokom prijepodneva uglavnom suvo vrijeme, a od sredine dana mjestimi\u010dno ki\u0161a ili pljusak pra\u0107en grmljavinom.<\/p>\n<p>Vjetar slab do umjeren, promjenljivog smjera.<\/p>\n<p>Jutarnja temperatura vazduha kreta\u0107e se od 8 do 20, najvi\u0161a dnevna od 18 do 31 stepen.<\/p>\n<p>U Podgorici \u0107e biti malo do umjereno obla\u010dno, u popodnevnim satima i tokom no\u0107i uz pove\u0107anje obla\u010dnosti mogu\u0107a je kratkotrjno ki\u0161a ili grmljavina.<\/p>\n<p>Vjetar \u0107e biti slab do umjeren, promjenljiv. Jutarnja temperatura vazduha bi\u0107e 19, najvi\u0161a dnevna oko 31 stepen.<\/p>\n","protected":false},"excerpt":{"rendered":"<p>U ju\u017enim i centralnim predjelima Crne Gore u nedjelju \u0107e biti promjenljivo obla\u010dno sa sun\u010danim intervalima<\/p>\n","protected":false},"author":1,"featured_media":275726,"comment_status":"open","ping_status":"closed","sticky":false,"template":"","format":"standard","meta":{"_seopress_robots_primary_cat":"","_seopress_titles_title":"","_seopress_titles_desc":"","_seopress_robots_index":"","_et_pb_use_builder":"","_et_pb_old_content":"","_et_gb_content_width":"","inline_featured_image":false,"footnotes":""},"categories":[14],"tags":[],"class_list":["post-354397","post","type-post","status-publish","format-standard","has-post-thumbnail","hentry","category-vijesti"],"_links":{"self":[{"href":"https:\/\/www.pcnen.com\/portal\/wp-json\/wp\/v2\/posts\/354397","targetHints":{"allow":["GET"]}}],"collection":[{"href":"https:\/\/www.pcnen.com\/portal\/wp-json\/wp\/v2\/posts"}],"about":[{"href":"https:\/\/www.pcnen.com\/portal\/wp-json\/wp\/v2\/types\/post"}],"author":[{"embeddable":true,"href":"https:\/\/www.pcnen.com\/portal\/wp-json\/wp\/v2\/users\/1"}],"replies":[{"embeddable":true,"href":"https:\/\/www.pcnen.com\/portal\/wp-json\/wp\/v2\/comments?post=354397"}],"version-history":[{"count":1,"href":"https:\/\/www.pcnen.com\/portal\/wp-json\/wp\/v2\/posts\/354397\/revisions"}],"predecessor-version":[{"id":354398,"href":"https:\/\/www.pcnen.com\/portal\/wp-json\/wp\/v2\/posts\/354397\/revisions\/354398"}],"wp:featuredmedia":[{"embeddable":true,"href":"https:\/\/www.pcnen.com\/portal\/wp-json\/wp\/v2\/media\/275726"}],"wp:attachment":[{"href":"https:\/\/www.pcnen.com\/portal\/wp-json\/wp\/v2\/media?parent=354397"}],"wp:term":[{"taxonomy":"category","embeddable":true,"href":"https:\/\/www.pcnen.com\/portal\/wp-json\/wp\/v2\/categories?post=354397"},{"taxonomy":"post_tag","embeddable":true,"href":"https:\/\/www.pcnen.com\/portal\/wp-json\/wp\/v2\/tags?post=354397"}],"curies":[{"name":"wp","href":"https:\/\/api.w.org\/{rel}","templated":true}]}}