{"id":354393,"date":"2022-09-03T22:08:04","date_gmt":"2022-09-03T20:08:04","guid":{"rendered":"https:\/\/www.pcnen.com\/portal\/?p=354393"},"modified":"2022-09-03T22:08:44","modified_gmt":"2022-09-03T20:08:44","slug":"eksplozija-na-suncu-zemlju-sjutra-pogada-solarna-oluja","status":"publish","type":"post","link":"https:\/\/www.pcnen.com\/portal\/2022\/09\/03\/eksplozija-na-suncu-zemlju-sjutra-pogada-solarna-oluja\/","title":{"rendered":"Eksplozija na Suncu, Zemlju sjutra poga\u0111a solarna oluja"},"content":{"rendered":"<p>Prethodnih dana, nismo vidjeli zna\u010dajne geomagnetne poreme\u0107aje, ali to \u0107e se uskoro promijeniti, jer je eksplodirala velika, tamna rupa na povr\u0161ini Sunca.<\/p>\n<p>Ova struktura je poznata kao koronalna rupa i ima izrazitu tamnu boju, \u0161to ukazuje na veoma jako magnetno polje. Ova nestabilna rupa je eruptirala i izbacila koronalnu masu ka Zemlji, \u0161to \u0107e prema prognozama nau\u010dnika izazvati G2 solarnu oluju izme\u0111u 20 i 23 \u010dasova po na\u0161em vremenu, koja bi mogla da dovede do poreme\u0107aja u radio komunikaciji na odre\u0111enim podru\u010djima planete.<\/p>\n<p>&#8220;NOAA prognosti\u010dari ka\u017eu da je solarna oluja klase G2 mogu\u0107a 4. septembra, kada se o\u010dekuje da \u0107e tok solarnog vjetra pogoditi Zemljino magnetno polje&#8221;, obja\u0161njava SpaceWeather.com. Ovaj gasoviti materijal je istekao iz ogromne rupe u sun\u010devoj atmosferi.<\/p>\n<p>Ovo je &#8220;koronalna rupa&#8221;, mjesto gdje se sun\u010devo magnetno polje otvara i omogu\u0107ava solarnom vjetru da pobjegne iz sun\u010deve korone. Izgleda mra\u010dno jer je u\u017earena plazma, koja bi trebala da tamo nalazi, nestala.<\/p>\n<p>G2 solarna oluja je umjereni geomagnetni poreme\u0107aj, te se ne o\u010dekuje da \u0107e izazvati previ\u0161e problema na Zemlji. Postoji vjerovatno\u0107a da \u0107e se desiti poreme\u0107aj kratkotalasnog radio signala, \u0161to mo\u017ee uticati na radio operatere i navigacione sisteme.<\/p>\n<p>Svakako se ne o\u010dekuje da izazove \u0161umske po\u017eare ili prekid na elektri\u010dnim vodovima kao \u0161to je to bio slu\u010daj sa najve\u0107om solarnom olujom u istoriji.<\/p>\n<p>Ipak, stanovnici na vi\u0161im geografskim \u0161irinama \u0107e mo\u0107i da posmatraju &#8220;ples&#8221; aurora na no\u0107nom nebu.<\/p>\n<p>Posljednjih mjeseci smo imali priliku da vidimo sli\u010dne doga\u0111aje usljed pove\u0107ane solarne aktivnosti koja je povezana sa ciklusom aktivnosti Sunca.<\/p>\n<p>Sunca se kre\u0107e ka fazi solarnog maksimuma kada \u0107e njegova solarna aktivnost biti najvi\u0161a, a NASA tvrdi da se taj vrhunac o\u010dekuje 2023. godine i treba o\u010dekivati jo\u0161 intenzivnije solarne oluje koje \u0107e pogoditi Zemlju.<\/p>\n<blockquote class=\"twitter-tweet\">\n<p dir=\"ltr\" lang=\"en\">G1-2 (Minor-Moderate) geomagnetic storm watches are in place for 04-05 Sep due to +CH influence. <a href=\"https:\/\/t.co\/AbqJe107oi\">pic.twitter.com\/AbqJe107oi<\/a><\/p>\n<p>\u2014 NOAA Space Weather (@NWSSWPC) <a href=\"https:\/\/twitter.com\/NWSSWPC\/status\/1565747252248936451?ref_src=twsrc%5Etfw\">September 2, 2022<\/a><\/p><\/blockquote>\n<p><script async src=\"https:\/\/platform.twitter.com\/widgets.js\" charset=\"utf-8\"><\/script><\/p>\n","protected":false},"excerpt":{"rendered":"<p>Nau\u010dnici upozoravaju da \u0107e sna\u017ena geomagnetna oluja pogoditi Zemlju sjutra, 4. septembra.<\/p>\n","protected":false},"author":1,"featured_media":354394,"comment_status":"open","ping_status":"closed","sticky":false,"template":"","format":"standard","meta":{"_seopress_robots_primary_cat":"","_seopress_titles_title":"","_seopress_titles_desc":"","_seopress_robots_index":"","_et_pb_use_builder":"","_et_pb_old_content":"","_et_gb_content_width":"","inline_featured_image":false,"footnotes":""},"categories":[14],"tags":[],"class_list":["post-354393","post","type-post","status-publish","format-standard","has-post-thumbnail","hentry","category-vijesti"],"_links":{"self":[{"href":"https:\/\/www.pcnen.com\/portal\/wp-json\/wp\/v2\/posts\/354393","targetHints":{"allow":["GET"]}}],"collection":[{"href":"https:\/\/www.pcnen.com\/portal\/wp-json\/wp\/v2\/posts"}],"about":[{"href":"https:\/\/www.pcnen.com\/portal\/wp-json\/wp\/v2\/types\/post"}],"author":[{"embeddable":true,"href":"https:\/\/www.pcnen.com\/portal\/wp-json\/wp\/v2\/users\/1"}],"replies":[{"embeddable":true,"href":"https:\/\/www.pcnen.com\/portal\/wp-json\/wp\/v2\/comments?post=354393"}],"version-history":[{"count":2,"href":"https:\/\/www.pcnen.com\/portal\/wp-json\/wp\/v2\/posts\/354393\/revisions"}],"predecessor-version":[{"id":354396,"href":"https:\/\/www.pcnen.com\/portal\/wp-json\/wp\/v2\/posts\/354393\/revisions\/354396"}],"wp:featuredmedia":[{"embeddable":true,"href":"https:\/\/www.pcnen.com\/portal\/wp-json\/wp\/v2\/media\/354394"}],"wp:attachment":[{"href":"https:\/\/www.pcnen.com\/portal\/wp-json\/wp\/v2\/media?parent=354393"}],"wp:term":[{"taxonomy":"category","embeddable":true,"href":"https:\/\/www.pcnen.com\/portal\/wp-json\/wp\/v2\/categories?post=354393"},{"taxonomy":"post_tag","embeddable":true,"href":"https:\/\/www.pcnen.com\/portal\/wp-json\/wp\/v2\/tags?post=354393"}],"curies":[{"name":"wp","href":"https:\/\/api.w.org\/{rel}","templated":true}]}}