{"id":354383,"date":"2022-09-03T19:48:17","date_gmt":"2022-09-03T17:48:17","guid":{"rendered":"https:\/\/www.pcnen.com\/portal\/?p=354383"},"modified":"2022-09-03T19:48:17","modified_gmt":"2022-09-03T17:48:17","slug":"kadirov-vrijeme-je-da-odem-sa-cela-cecenije","status":"publish","type":"post","link":"https:\/\/www.pcnen.com\/portal\/2022\/09\/03\/kadirov-vrijeme-je-da-odem-sa-cela-cecenije\/","title":{"rendered":"Kadirov: Vrijeme je da odem sa \u010dela \u010ce\u010denije"},"content":{"rendered":"<p>&#8220;Upravo sam saznao da imam najdu\u017ei sta\u017e kao \u0161ef jednog konstitutivnog subjekta Ruske Federacije. Vodio sam Republiku \u010ce\u010deniju 15 godina. Smatram da je do\u0161lo vrijeme da odem, prije nego \u0161to me izbace&#8221;, kazao je Kadirov u video snimku, prenio je Tanjug vijest koju je objavio TASS.<\/p>\n<p>On je rekao da vjeruje da je po\u0161teno zaslu\u017eio &#8220;dobar i dug odmor&#8221;.<\/p>\n<p>Kadirov e nada da \u0107e ga \u010ce\u010deni razumjeti.<\/p>\n","protected":false},"excerpt":{"rendered":"<p>Lider \u010ce\u010denije Ramzan Kadirov (45) rekao je da razmi\u0161lja o ostavci, \u0161to se mo\u017ee \u010duti na snimku objavljenom danas na njegovom Telegram nalogu.<\/p>\n","protected":false},"author":1,"featured_media":341959,"comment_status":"open","ping_status":"closed","sticky":false,"template":"","format":"standard","meta":{"_seopress_robots_primary_cat":"","_seopress_titles_title":"","_seopress_titles_desc":"","_seopress_robots_index":"","_et_pb_use_builder":"","_et_pb_old_content":"","_et_gb_content_width":"","inline_featured_image":false,"footnotes":""},"categories":[14],"tags":[],"class_list":["post-354383","post","type-post","status-publish","format-standard","has-post-thumbnail","hentry","category-vijesti"],"_links":{"self":[{"href":"https:\/\/www.pcnen.com\/portal\/wp-json\/wp\/v2\/posts\/354383","targetHints":{"allow":["GET"]}}],"collection":[{"href":"https:\/\/www.pcnen.com\/portal\/wp-json\/wp\/v2\/posts"}],"about":[{"href":"https:\/\/www.pcnen.com\/portal\/wp-json\/wp\/v2\/types\/post"}],"author":[{"embeddable":true,"href":"https:\/\/www.pcnen.com\/portal\/wp-json\/wp\/v2\/users\/1"}],"replies":[{"embeddable":true,"href":"https:\/\/www.pcnen.com\/portal\/wp-json\/wp\/v2\/comments?post=354383"}],"version-history":[{"count":1,"href":"https:\/\/www.pcnen.com\/portal\/wp-json\/wp\/v2\/posts\/354383\/revisions"}],"predecessor-version":[{"id":354384,"href":"https:\/\/www.pcnen.com\/portal\/wp-json\/wp\/v2\/posts\/354383\/revisions\/354384"}],"wp:featuredmedia":[{"embeddable":true,"href":"https:\/\/www.pcnen.com\/portal\/wp-json\/wp\/v2\/media\/341959"}],"wp:attachment":[{"href":"https:\/\/www.pcnen.com\/portal\/wp-json\/wp\/v2\/media?parent=354383"}],"wp:term":[{"taxonomy":"category","embeddable":true,"href":"https:\/\/www.pcnen.com\/portal\/wp-json\/wp\/v2\/categories?post=354383"},{"taxonomy":"post_tag","embeddable":true,"href":"https:\/\/www.pcnen.com\/portal\/wp-json\/wp\/v2\/tags?post=354383"}],"curies":[{"name":"wp","href":"https:\/\/api.w.org\/{rel}","templated":true}]}}