{"id":354373,"date":"2022-09-03T18:07:19","date_gmt":"2022-09-03T16:07:19","guid":{"rendered":"https:\/\/www.pcnen.com\/portal\/?p=354373"},"modified":"2022-09-03T18:07:19","modified_gmt":"2022-09-03T16:07:19","slug":"vucic-sit-sam-svih-iz-evrope-i-svijeta","status":"publish","type":"post","link":"https:\/\/www.pcnen.com\/portal\/2022\/09\/03\/vucic-sit-sam-svih-iz-evrope-i-svijeta\/","title":{"rendered":"Vu\u010di\u0107: Sit sam svih iz Evrope i svijeta"},"content":{"rendered":"<p>On je rekao danas da Srbija ima obavezu da se priklju\u010di evropskoj spoljnoj politici neposredno pred \u010dlanstvo u EU, a da Srbiju jo\u0161 niko nije obavijestio da je pred \u010dlanstvom niti vidi da planiraju je obavijeste.<\/p>\n<p>Vu\u010di\u0107 je na zajedni\u010dkoj konferenciji za novinare sa slovena\u010dkim predsjednikom Borutom Pahorom tako odgovorio na pitanje novinara sloven\u010dke televizije o tome da li \u0107e Srbija uvesti sankcije Rusiji.<\/p>\n<p>&#8220;Ja sam bio siguran da \u0107e slovena\u010dke medije da interesuju nasi odnosi, a svi zele da se Srbija pridru\u017ei sankcijama&#8221;, primijetio je Vu\u010di\u0107.<\/p>\n<p>On je zamolio da se stave u poziciju Srbije i poku\u0161ao primjerom da objasni tu situaciju.<\/p>\n<p>&#8220;Kako da objasnim gra\u0111anima da uvodimo sankcije protiv Rusije koja nije prekr\u0161ila teritorjalni integritet Srbije, a ne protiv Slovenije koja je to u\u010dinila&#8221;, upitao je Vu\u010di\u0107.<\/p>\n<p>On je dodao da je Sloveniju naveo kao primjer i da sa tom zemljom Srbija ima dobre odnose, ali da bi sli\u010dno mogao da ka\u017ee i za druge zemlje kao \u0161to su SAD, Njema\u010dka, Francuska&#8230;da ne misle da njih ne smije da pomene.<\/p>\n<p>&#8220;\u0160ta da misle gra\u0111ani molim vas da se stavite u na\u0161e cipele. Da razmislite dobro \u0161ta je realno&#8221;, rekao je Vu\u010di\u0107 i dodao da je i dalje ve\u0107ina zemalja na strani me\u0111unarodnog prava , povelje UN i rezoluciju 12 44, odnosno da 79,8 posto svjetskog stanovnistva ne priznaje Kosovo.<\/p>\n<p>&#8220;Nisu zavrsili oni koji misle da su zavr\u0161ili&#8221;, poru\u010dio je Vu\u010di\u0107 i dodao da je sa Pahorom zato razgovarao kako da se problemi prevazilaze na miran nacin i naglasio da je u tom kontekstu podr\u0161ka Slovenije veoma va\u017ena.<\/p>\n","protected":false},"excerpt":{"rendered":"<p>Sit sam svih iz Evrope i svijeta ko \u0107e gdje da mi lupa \u0161amare, vodi\u0107u Srbiju u skladu sa njenim interesima, poru\u010dio predsjednik Srbije Aleksandar Vu\u010di\u0107.<\/p>\n","protected":false},"author":1,"featured_media":304481,"comment_status":"open","ping_status":"closed","sticky":false,"template":"","format":"standard","meta":{"_seopress_robots_primary_cat":"","_seopress_titles_title":"","_seopress_titles_desc":"","_seopress_robots_index":"","_et_pb_use_builder":"","_et_pb_old_content":"","_et_gb_content_width":"","inline_featured_image":false,"footnotes":""},"categories":[14],"tags":[],"class_list":["post-354373","post","type-post","status-publish","format-standard","has-post-thumbnail","hentry","category-vijesti"],"_links":{"self":[{"href":"https:\/\/www.pcnen.com\/portal\/wp-json\/wp\/v2\/posts\/354373","targetHints":{"allow":["GET"]}}],"collection":[{"href":"https:\/\/www.pcnen.com\/portal\/wp-json\/wp\/v2\/posts"}],"about":[{"href":"https:\/\/www.pcnen.com\/portal\/wp-json\/wp\/v2\/types\/post"}],"author":[{"embeddable":true,"href":"https:\/\/www.pcnen.com\/portal\/wp-json\/wp\/v2\/users\/1"}],"replies":[{"embeddable":true,"href":"https:\/\/www.pcnen.com\/portal\/wp-json\/wp\/v2\/comments?post=354373"}],"version-history":[{"count":1,"href":"https:\/\/www.pcnen.com\/portal\/wp-json\/wp\/v2\/posts\/354373\/revisions"}],"predecessor-version":[{"id":354374,"href":"https:\/\/www.pcnen.com\/portal\/wp-json\/wp\/v2\/posts\/354373\/revisions\/354374"}],"wp:featuredmedia":[{"embeddable":true,"href":"https:\/\/www.pcnen.com\/portal\/wp-json\/wp\/v2\/media\/304481"}],"wp:attachment":[{"href":"https:\/\/www.pcnen.com\/portal\/wp-json\/wp\/v2\/media?parent=354373"}],"wp:term":[{"taxonomy":"category","embeddable":true,"href":"https:\/\/www.pcnen.com\/portal\/wp-json\/wp\/v2\/categories?post=354373"},{"taxonomy":"post_tag","embeddable":true,"href":"https:\/\/www.pcnen.com\/portal\/wp-json\/wp\/v2\/tags?post=354373"}],"curies":[{"name":"wp","href":"https:\/\/api.w.org\/{rel}","templated":true}]}}