{"id":354351,"date":"2022-09-03T13:20:37","date_gmt":"2022-09-03T11:20:37","guid":{"rendered":"https:\/\/www.pcnen.com\/portal\/?p=354351"},"modified":"2022-09-03T13:20:37","modified_gmt":"2022-09-03T11:20:37","slug":"cgo-e-uprava-je-jedan-od-stubova-reforme-drzavne-uprave-i-mora-biti-adekvatno-zasticena","status":"publish","type":"post","link":"https:\/\/www.pcnen.com\/portal\/2022\/09\/03\/cgo-e-uprava-je-jedan-od-stubova-reforme-drzavne-uprave-i-mora-biti-adekvatno-zasticena\/","title":{"rendered":"CGO: E-uprava je jedan od stubova reforme dr\u017eavne uprave i mora biti adekvatno za\u0161ti\u0107ena"},"content":{"rendered":"<p>Time bi se uticalo i na smanjenje negativnih posljedica postoje\u0107e situacije po funkcionisanje javne uprave, ali i gra\u0111ana, koji su danima uskra\u0107eni za brojne informacije i ostvarivanje svojih prava, kao i na preveniranje ili bolji odgovor na sli\u010dne budu\u0107e situacije.<\/p>\n<p>CGO podsje\u0107a da je vladina IT infrastuktura nedjeljama izlo\u017eena kontinuiranim sajber napadima, \u0161to je dovelo do privremenog obustavljanja odre\u0111enih usluga, te onemogu\u0107avanja normalnog funkcionisanja i interakcije gra\u0111ana sa organima dr\u017eavne uprave. Na primjer, fizi\u010dka i pravna lica ovih dana ne mogu pristupiti ni portalu e-Uprave, te su uskra\u0107eni za ostvarenje jedne od preko 500 usluga koje se na ovom portalu nude. Treba naglasiti da sajber napadi nisu novost za Crnu Goru, i da je ona bila meta sli\u010dnih, iako manje \u2018ozbiljnih\u2019 napada 2016. i 2017. godine, ali to o\u010digledno donosiocima odluka nije bilo za nauk, pa su ulaganja u izgradnju sajber bezbjednosti ostala minimalna.<\/p>\n<p>Evropska komisija je, u svom Izvje\u0161taju za 2021. godinu, konstatovala da kapacitet Crne Gore u oblasti sajber-kriminala progresivno raste, ali da i dalje nije dovoljno sna\u017ean da se suo\u010di sa globalnim opasnostima u ovoj oblasti. Ovi problemi su notirani i u Strategiji o sajber bezbjednosti od 2022. do 2026. godine, gdje se navodi da Crna Gora ne posjeduje adekvatne mehanizme za detektovanje sajber prijetnji, kao ni mehanizme za dovoljno brz odgovor, odnosno oporavak od sajber napada. Dodatni problem predstavlja \u010dinjenica da se Crna Gora suo\u010dava sa ograni\u010denim ljudskim, tehni\u010dkim i finansijskim resursima iz ove oblasti. Da je problem nedostatka eksperata uveliko izra\u017een, ilustrativno prikazuje i podatak da je \u201csamo 1% zaposlenih javnih slu\u017ebenika pro\u0161ao obuku na temu sajber bezbjednosti\u201d, kako se navodi u Strategiji.<\/p>\n<p>Aktuelna de\u0161avanja opominju na \u010dinjenicu da ovo pitanje nije bilo u fokusi donosilaca odluka. Stoga, CGO pozdravlja najavu ministra javne uprave, Mara\u0161a Dukaja, o osnivanju specijalizovane Agencije za sajber bezbjednost, kao i hitnih investicija u ovoj oblasti, te pripremu novog Prijedloga Zakona o informacionoj bezbjednosti. Istovremeno, izra\u017eavamo nadu da ovo ne\u0107e ostati na obe\u0107anju, odnosno da Ministarstvo ve\u0107 preduzima radnje kako bi to operacionalizovalo.<\/p>\n<p>Ovakva situacija i poja\u010dani straha od curenja li\u010dnih podataka mo\u017ee voditi gubljenju povjerenje gra\u0111ana u elektronske servise javne uprave, koje je ina\u010de nisko. To bi zna\u010dilo da \u0107e se i onaj mali broj gra\u0111ana koji se, pogotovo u doba pandemije koronavirusa, prebacio na e-usluge, vratiti na stari na\u010din funkcionisanja a samim tim \u0107e do\u0107i i do optere\u0107enja dr\u017eavne uprave. Umjesto da kao dru\u0161tvo idemo naprijed i spoznajemo koristi digitalizacije i e-servisa, a pogotovo u vidu u\u0161tede vremena i novca, smanjenja korupcije, ve\u0107e efikasnosti te pobolj\u0161anja kvaliteta \u017eivota, gra\u0111anima Crne Gore se, usljed neodgovornosti i sistemskog nerada u oblasti digitalizacije i sajber bezbjednosti, uskra\u0107uju osnovna prava i onemogu\u0107ava redovno obavljanje aktivnosti.<\/p>\n<p>CGO \u0107e nastaviti da apeluje na donosioce odluka da ula\u017eu vi\u0161e napora u reformu i digitalizacije javne uprave, izme\u0111u ostalog, i kroz projekat \u201cE-dukacijom do PARticipacije\u201d, koji je podr\u017ean od Ministarstva javne uprave. S druge strane, o\u010dekujemo od nadle\u017enih vlasti da hitno preduzmu mjere za otklanjanje \u0161tete izazvane sajber napadima, te da rade na prevenciji sli\u010dnih i tako sprije\u010de dalje uru\u0161avanje povjerenja gra\u0111ana u dr\u017eavne institucije i omogu\u0107e im normalno funkcionisanje i ostvarivanje prava.<\/p>\n","protected":false},"excerpt":{"rendered":"<p>Centar za gra\u0111ansko obrazovanje (CGO), u kontekstu najnovijih de\u0161avanja u vezi sa sajber napadima na digitalnu infrastukturu crnogorskih institucija, poziva donosioce odluka da promptno zapo\u010dnu rad i na sistemskom razvoju sajber kapaciteta.<\/p>\n","protected":false},"author":1,"featured_media":0,"comment_status":"open","ping_status":"closed","sticky":false,"template":"","format":"standard","meta":{"_seopress_robots_primary_cat":"","_seopress_titles_title":"","_seopress_titles_desc":"","_seopress_robots_index":"","_et_pb_use_builder":"","_et_pb_old_content":"","_et_gb_content_width":"","inline_featured_image":false,"footnotes":""},"categories":[14],"tags":[],"class_list":["post-354351","post","type-post","status-publish","format-standard","hentry","category-vijesti"],"_links":{"self":[{"href":"https:\/\/www.pcnen.com\/portal\/wp-json\/wp\/v2\/posts\/354351","targetHints":{"allow":["GET"]}}],"collection":[{"href":"https:\/\/www.pcnen.com\/portal\/wp-json\/wp\/v2\/posts"}],"about":[{"href":"https:\/\/www.pcnen.com\/portal\/wp-json\/wp\/v2\/types\/post"}],"author":[{"embeddable":true,"href":"https:\/\/www.pcnen.com\/portal\/wp-json\/wp\/v2\/users\/1"}],"replies":[{"embeddable":true,"href":"https:\/\/www.pcnen.com\/portal\/wp-json\/wp\/v2\/comments?post=354351"}],"version-history":[{"count":1,"href":"https:\/\/www.pcnen.com\/portal\/wp-json\/wp\/v2\/posts\/354351\/revisions"}],"predecessor-version":[{"id":354352,"href":"https:\/\/www.pcnen.com\/portal\/wp-json\/wp\/v2\/posts\/354351\/revisions\/354352"}],"wp:attachment":[{"href":"https:\/\/www.pcnen.com\/portal\/wp-json\/wp\/v2\/media?parent=354351"}],"wp:term":[{"taxonomy":"category","embeddable":true,"href":"https:\/\/www.pcnen.com\/portal\/wp-json\/wp\/v2\/categories?post=354351"},{"taxonomy":"post_tag","embeddable":true,"href":"https:\/\/www.pcnen.com\/portal\/wp-json\/wp\/v2\/tags?post=354351"}],"curies":[{"name":"wp","href":"https:\/\/api.w.org\/{rel}","templated":true}]}}